{"id":8439,"date":"2024-02-26T12:36:12","date_gmt":"2024-02-26T15:36:12","guid":{"rendered":"https:\/\/salvadoracontece.com.br\/?p=8439"},"modified":"2024-02-26T12:36:14","modified_gmt":"2024-02-26T15:36:14","slug":"abel-ferreira-presta-solidariedade-ao-fortaleza-apos-ataque-a-onibus","status":"publish","type":"post","link":"https:\/\/salvadoracontece.com.br\/index.php\/2024\/02\/26\/abel-ferreira-presta-solidariedade-ao-fortaleza-apos-ataque-a-onibus\/","title":{"rendered":"Abel Ferreira presta solidariedade ao Fortaleza ap\u00f3s ataque a \u00f4nibus"},"content":{"rendered":"\n<p>Ap\u00f3s a vit\u00f3ria do Palmeiras por 3 x 1 contra o Mirassol, neste s\u00e1bado (24\/2), Abel Ferreira iniciou a coletiva de imprensa prestando solidariedade ao Fortaleza, que sofreu ataque de torcedores do Sports com bomba e pedras.<\/p>\n\n\n\n<p><strong><em>\u201cEm primeiro lugar, gostaria de manifestar minha solidariedade ao Fortaleza, jogadores e treinador. Todo o staff. Quando vi as imagens fiquei realmente assustado. Esses epis\u00f3dios mancham as coisas boas do futebol brasileiro. A \u00fanica coisa que eu pe\u00e7o, se \u00e9 que posso pedir, \u00e9 que as entidades respons\u00e1veis sejam exemplares. Exemplares! Sinceramente, o futebol brasileiro merece&#8221;<\/em><\/strong>, comentou o treinador portugu\u00eas.<\/p>\n\n\n\n<p>O \u00f4nibus que levava a delega\u00e7\u00e3o do Fortaleza foi apedrejado e bombardeado ap\u00f3s o empate da equipe contra o Sport, pela Copa do Nordeste, nessa quarta-feira (21\/2).<\/p>\n\n\n\n<p>O ataque foi feito por torcedores da equipe do Recife na sa\u00edda da Arena Pernambuco e terminou com seis jogadores feridos, que precisaram ser encaminhados ao hospital. Em campo, Sport e Fortaleza acabaram empatando em 1 x 1.<\/p>\n\n\n\n<p>Fonte: Varela Net <\/p>\n","protected":false},"excerpt":{"rendered":"<p>Ap\u00f3s a vit\u00f3ria do Palmeiras por 3 x 1 contra o Mirassol, neste s\u00e1bado (24\/2), Abel Ferreira iniciou a coletiva de imprensa prestando solidariedade ao Fortaleza, que sofreu ataque de torcedores do Sports com bomba e pedras. \u201cEm primeiro lugar, gostaria de manifestar minha solidariedade ao Fortaleza, jogadores e treinador. Todo o staff. Quando vi [&hellip;]<\/p>\n","protected":false},"author":2,"featured_media":8440,"comment_status":"open","ping_status":"open","sticky":false,"template":"","format":"standard","meta":{"footnotes":""},"categories":[89],"tags":[],"class_list":["post-8439","post","type-post","status-publish","format-standard","has-post-thumbnail","hentry","category-esportes"],"_links":{"self":[{"href":"https:\/\/salvadoracontece.com.br\/index.php\/wp-json\/wp\/v2\/posts\/8439","targetHints":{"allow":["GET"]}}],"collection":[{"href":"https:\/\/salvadoracontece.com.br\/index.php\/wp-json\/wp\/v2\/posts"}],"about":[{"href":"https:\/\/salvadoracontece.com.br\/index.php\/wp-json\/wp\/v2\/types\/post"}],"author":[{"embeddable":true,"href":"https:\/\/salvadoracontece.com.br\/index.php\/wp-json\/wp\/v2\/users\/2"}],"replies":[{"embeddable":true,"href":"https:\/\/salvadoracontece.com.br\/index.php\/wp-json\/wp\/v2\/comments?post=8439"}],"version-history":[{"count":1,"href":"https:\/\/salvadoracontece.com.br\/index.php\/wp-json\/wp\/v2\/posts\/8439\/revisions"}],"predecessor-version":[{"id":8441,"href":"https:\/\/salvadoracontece.com.br\/index.php\/wp-json\/wp\/v2\/posts\/8439\/revisions\/8441"}],"wp:featuredmedia":[{"embeddable":true,"href":"https:\/\/salvadoracontece.com.br\/index.php\/wp-json\/wp\/v2\/media\/8440"}],"wp:attachment":[{"href":"https:\/\/salvadoracontece.com.br\/index.php\/wp-json\/wp\/v2\/media?parent=8439"}],"wp:term":[{"taxonomy":"category","embeddable":true,"href":"https:\/\/salvadoracontece.com.br\/index.php\/wp-json\/wp\/v2\/categories?post=8439"},{"taxonomy":"post_tag","embeddable":true,"href":"https:\/\/salvadoracontece.com.br\/index.php\/wp-json\/wp\/v2\/tags?post=8439"}],"curies":[{"name":"wp","href":"https:\/\/api.w.org\/{rel}","templated":true}]}}