{"id":8448,"date":"2024-02-26T13:07:26","date_gmt":"2024-02-26T16:07:26","guid":{"rendered":"https:\/\/salvadoracontece.com.br\/?p=8448"},"modified":"2024-02-26T13:07:28","modified_gmt":"2024-02-26T16:07:28","slug":"adolescente-e-suspeito-de-homicidio-apos-morte-dos-pais","status":"publish","type":"post","link":"https:\/\/salvadoracontece.com.br\/index.php\/2024\/02\/26\/adolescente-e-suspeito-de-homicidio-apos-morte-dos-pais\/","title":{"rendered":"Adolescente \u00e9 suspeito de homic\u00eddio ap\u00f3s morte dos pais"},"content":{"rendered":"\n<p>Um adolescente de 17 anos foi apreendido pela pol\u00edcia na manh\u00e3 deste domingo, 25, por suspeita de homic\u00eddio ap\u00f3s seus pais terem sido encontrados mortos dentro de um apartamento em Santos, litoral sul de S\u00e3o Paulo.<\/p>\n\n\n\n<p>O menor de idade disse para a pol\u00edcia que o casal brigava dentro da resid\u00eancia durante a madrugada quando o pai, Paulo Renato Vieira Thenorio, de 39 anos, teria atacado a m\u00e3e, Barbara Rodrigues Dias Ruas, de 37, com uma faca. O suspeito n\u00e3o conseguiu explicar a morte do pai.<\/p>\n\n\n\n<p>Ainda de acordo com o depoimento do adolescente, ele chegou ao apartamento da fam\u00edlia por volta das 5h junto com dois amigos. Quando viu a briga, ele pediu para os amigos ficarem em outro c\u00f4modo enquanto tentava resolver o problema. Na tentativa de defender a m\u00e3e, o adolescente teria conseguido dar uma gravata no pai.<\/p>\n\n\n\n<p>A vers\u00e3o do menor aponta ainda que a m\u00e3e correu para o quarto e o pai invadiu o local. O jovem contou tamb\u00e9m que quando percebeu que a m\u00e3e estava inconsciente, foi pedir ajuda na vizinhan\u00e7a.<\/p>\n\n\n\n<p>O corpo de Paulo Renato Vieira Thenorio foi encontrado com um fio el\u00e9trico enrolado no pesco\u00e7o, al\u00e9m de diversos ferimentos de faca na regi\u00e3o. Os amigos do jovem teriam acionado o atendimento m\u00e9dico.<\/p>\n\n\n\n<p>O adolescente foi levado para a Funda\u00e7\u00e3o Casa. O caso foi registrado inicialmente como feminic\u00eddio e ato infracional de homic\u00eddio na Central de Pol\u00edcia Judici\u00e1ria de Santos.<\/p>\n\n\n\n<p>Fonte: A Tarde <\/p>\n","protected":false},"excerpt":{"rendered":"<p>Um adolescente de 17 anos foi apreendido pela pol\u00edcia na manh\u00e3 deste domingo, 25, por suspeita de homic\u00eddio ap\u00f3s seus pais terem sido encontrados mortos dentro de um apartamento em Santos, litoral sul de S\u00e3o Paulo. O menor de idade disse para a pol\u00edcia que o casal brigava dentro da resid\u00eancia durante a madrugada quando [&hellip;]<\/p>\n","protected":false},"author":2,"featured_media":8449,"comment_status":"open","ping_status":"open","sticky":false,"template":"","format":"standard","meta":{"footnotes":""},"categories":[105],"tags":[],"class_list":["post-8448","post","type-post","status-publish","format-standard","has-post-thumbnail","hentry","category-policia"],"_links":{"self":[{"href":"https:\/\/salvadoracontece.com.br\/index.php\/wp-json\/wp\/v2\/posts\/8448","targetHints":{"allow":["GET"]}}],"collection":[{"href":"https:\/\/salvadoracontece.com.br\/index.php\/wp-json\/wp\/v2\/posts"}],"about":[{"href":"https:\/\/salvadoracontece.com.br\/index.php\/wp-json\/wp\/v2\/types\/post"}],"author":[{"embeddable":true,"href":"https:\/\/salvadoracontece.com.br\/index.php\/wp-json\/wp\/v2\/users\/2"}],"replies":[{"embeddable":true,"href":"https:\/\/salvadoracontece.com.br\/index.php\/wp-json\/wp\/v2\/comments?post=8448"}],"version-history":[{"count":1,"href":"https:\/\/salvadoracontece.com.br\/index.php\/wp-json\/wp\/v2\/posts\/8448\/revisions"}],"predecessor-version":[{"id":8450,"href":"https:\/\/salvadoracontece.com.br\/index.php\/wp-json\/wp\/v2\/posts\/8448\/revisions\/8450"}],"wp:featuredmedia":[{"embeddable":true,"href":"https:\/\/salvadoracontece.com.br\/index.php\/wp-json\/wp\/v2\/media\/8449"}],"wp:attachment":[{"href":"https:\/\/salvadoracontece.com.br\/index.php\/wp-json\/wp\/v2\/media?parent=8448"}],"wp:term":[{"taxonomy":"category","embeddable":true,"href":"https:\/\/salvadoracontece.com.br\/index.php\/wp-json\/wp\/v2\/categories?post=8448"},{"taxonomy":"post_tag","embeddable":true,"href":"https:\/\/salvadoracontece.com.br\/index.php\/wp-json\/wp\/v2\/tags?post=8448"}],"curies":[{"name":"wp","href":"https:\/\/api.w.org\/{rel}","templated":true}]}}