{"id":8455,"date":"2024-02-26T14:55:53","date_gmt":"2024-02-26T17:55:53","guid":{"rendered":"https:\/\/salvadoracontece.com.br\/?p=8455"},"modified":"2024-02-26T14:55:54","modified_gmt":"2024-02-26T17:55:54","slug":"com-rayssa-leal-e-felipe-toledo-premio-laureus-divulga-indicados","status":"publish","type":"post","link":"https:\/\/salvadoracontece.com.br\/index.php\/2024\/02\/26\/com-rayssa-leal-e-felipe-toledo-premio-laureus-divulga-indicados\/","title":{"rendered":"Com Rayssa Leal e Felipe Toledo, Pr\u00eamio Laureus divulga indicados"},"content":{"rendered":"\n<p>Na lista de indicados ao Pr\u00eamio Laureus, divulgada nesta segunda-feira, 26, destacam-se a presen\u00e7a da skatista Rayssa Leal e do surfista Felipe Toledo, concorrendo na categoria de Melhor Atleta de A\u00e7\u00e3o do Ano. O Pr\u00eamio Laureus \u00e9 conhecido como o &#8220;Oscar do esporte&#8221;. Al\u00e9m disso, o instituto Bola Pra Frente, fundado pelo lateral do tetra Jorginho, foi indicado na categoria Esporte para o Bem.<\/p>\n\n\n\n<p>Outros nomes not\u00e1veis incluem Lionel Messi, Max Verstappen e Novak Djokovic, competindo pela categoria de Melhor Atleta Homem do Ano. Na categoria feminina, est\u00e3o presentes a polonesa Iga Swiatek e a meio-campista Aitana Bonmat\u00ed, entre outras.<\/p>\n\n\n\n<p>Na categoria Equipe do Ano, destacam-se o Manchester City, vitorioso em tr\u00eas t\u00edtulos na temporada passada, e a Red Bull, dominante na F\u00f3rmula 1. J\u00e1 na categoria Retorno do Ano, o atacante S\u00e9bastien Haller, do Borussia Dortmund, \u00e9 o favorito, ap\u00f3s sua recupera\u00e7\u00e3o do c\u00e2ncer, competindo com a ginasta americana Simone Byles.<\/p>\n\n\n\n<p>A cerim\u00f4nia do Laureus est\u00e1 agendada para 22 de abril, em Madri, e os vencedores s\u00e3o escolhidos por um painel de 1.300 jornalistas esportivos.<\/p>\n\n\n\n<p>Fonte: A Tarde <\/p>\n","protected":false},"excerpt":{"rendered":"<p>Na lista de indicados ao Pr\u00eamio Laureus, divulgada nesta segunda-feira, 26, destacam-se a presen\u00e7a da skatista Rayssa Leal e do surfista Felipe Toledo, concorrendo na categoria de Melhor Atleta de A\u00e7\u00e3o do Ano. O Pr\u00eamio Laureus \u00e9 conhecido como o &#8220;Oscar do esporte&#8221;. Al\u00e9m disso, o instituto Bola Pra Frente, fundado pelo lateral do tetra [&hellip;]<\/p>\n","protected":false},"author":2,"featured_media":8456,"comment_status":"open","ping_status":"open","sticky":false,"template":"","format":"standard","meta":{"footnotes":""},"categories":[89],"tags":[],"class_list":["post-8455","post","type-post","status-publish","format-standard","has-post-thumbnail","hentry","category-esportes"],"_links":{"self":[{"href":"https:\/\/salvadoracontece.com.br\/index.php\/wp-json\/wp\/v2\/posts\/8455","targetHints":{"allow":["GET"]}}],"collection":[{"href":"https:\/\/salvadoracontece.com.br\/index.php\/wp-json\/wp\/v2\/posts"}],"about":[{"href":"https:\/\/salvadoracontece.com.br\/index.php\/wp-json\/wp\/v2\/types\/post"}],"author":[{"embeddable":true,"href":"https:\/\/salvadoracontece.com.br\/index.php\/wp-json\/wp\/v2\/users\/2"}],"replies":[{"embeddable":true,"href":"https:\/\/salvadoracontece.com.br\/index.php\/wp-json\/wp\/v2\/comments?post=8455"}],"version-history":[{"count":1,"href":"https:\/\/salvadoracontece.com.br\/index.php\/wp-json\/wp\/v2\/posts\/8455\/revisions"}],"predecessor-version":[{"id":8457,"href":"https:\/\/salvadoracontece.com.br\/index.php\/wp-json\/wp\/v2\/posts\/8455\/revisions\/8457"}],"wp:featuredmedia":[{"embeddable":true,"href":"https:\/\/salvadoracontece.com.br\/index.php\/wp-json\/wp\/v2\/media\/8456"}],"wp:attachment":[{"href":"https:\/\/salvadoracontece.com.br\/index.php\/wp-json\/wp\/v2\/media?parent=8455"}],"wp:term":[{"taxonomy":"category","embeddable":true,"href":"https:\/\/salvadoracontece.com.br\/index.php\/wp-json\/wp\/v2\/categories?post=8455"},{"taxonomy":"post_tag","embeddable":true,"href":"https:\/\/salvadoracontece.com.br\/index.php\/wp-json\/wp\/v2\/tags?post=8455"}],"curies":[{"name":"wp","href":"https:\/\/api.w.org\/{rel}","templated":true}]}}