{"id":8458,"date":"2024-02-26T15:27:58","date_gmt":"2024-02-26T18:27:58","guid":{"rendered":"https:\/\/salvadoracontece.com.br\/?p=8458"},"modified":"2024-02-26T15:28:00","modified_gmt":"2024-02-26T18:28:00","slug":"ronaldo-mansur-e-o-novo-presidente-da-federacao-psol-rede-na-bahia","status":"publish","type":"post","link":"https:\/\/salvadoracontece.com.br\/index.php\/2024\/02\/26\/ronaldo-mansur-e-o-novo-presidente-da-federacao-psol-rede-na-bahia\/","title":{"rendered":"Ronaldo Mansur \u00e9 o novo presidente da federa\u00e7\u00e3o PSOL-Rede na Bahia"},"content":{"rendered":"\n<p>A federa\u00e7\u00e3o PSOL-Rede tem um novo presidente na Bahia. Pelos pr\u00f3ximos tr\u00eas anos, a federa\u00e7\u00e3o ser\u00e1 conduzida por Ronaldo Mansur, presidente estadual do PSOL e candidato a vice-governador em 2014 e 2022. O nome de Ronaldo Mansur foi oficializado e j\u00e1 consta no registro do Tribunal Superior Eleitoral (TSE).<\/p>\n\n\n\n<p>Da mesma tend\u00eancia do deputado federal e pr\u00e9-candidato a prefeito de S\u00e3o Paulo, Guilherme Boulos, Ronaldo tem uma longa trajet\u00f3ria pol\u00edtica como militante do Movimento dos Trabalhadores Sem Teto (MTST) e dirigente nacional do PSOL. Ele substitui Elze Facchinetti, ex-presidente do PSOL na Bahia que estava \u00e0 frente da federa\u00e7\u00e3o.<\/p>\n\n\n\n<p>O nome do candidato a vice no \u00faltimo pleito teve o apoio da coaliz\u00e3o formada por importantes nomes da legenda, como o deputado estadual Hilton Coelho, Jhonatas Monteiro, vereador mais votado em Feira de Santana na \u00faltima elei\u00e7\u00e3o, da vereadora de Salvador Cleide Coutinho, da candidata do PSOL ao Senado em 2022, T\u00e2mara Azevedo, de Hamilton Assis, F\u00e1bio Nogueira, Marcos Mendes e dos movimentos Juventude do Afronte, Fogo no Pavio, Paje\u00fa e Rua.<\/p>\n\n\n\n<p>&#8220;Temos o desafio de apresentar o nosso programa, as ideias que formam o nosso partido, para conseguir um resultado in\u00e9dito nesta elei\u00e7\u00e3o que se aproxima. O PSOL vem se fortalecendo nos \u00faltimos anos e tenho certeza que com a unidade e com o trabalho s\u00e9rio, sairemos ainda maior deste processo&#8221;, destacou Ronaldo.<\/p>\n\n\n\n<p>Fonte: A Tarde <\/p>\n","protected":false},"excerpt":{"rendered":"<p>A federa\u00e7\u00e3o PSOL-Rede tem um novo presidente na Bahia. Pelos pr\u00f3ximos tr\u00eas anos, a federa\u00e7\u00e3o ser\u00e1 conduzida por Ronaldo Mansur, presidente estadual do PSOL e candidato a vice-governador em 2014 e 2022. O nome de Ronaldo Mansur foi oficializado e j\u00e1 consta no registro do Tribunal Superior Eleitoral (TSE). Da mesma tend\u00eancia do deputado federal [&hellip;]<\/p>\n","protected":false},"author":2,"featured_media":8459,"comment_status":"open","ping_status":"open","sticky":false,"template":"","format":"standard","meta":{"footnotes":""},"categories":[92],"tags":[],"class_list":["post-8458","post","type-post","status-publish","format-standard","has-post-thumbnail","hentry","category-economia"],"_links":{"self":[{"href":"https:\/\/salvadoracontece.com.br\/index.php\/wp-json\/wp\/v2\/posts\/8458","targetHints":{"allow":["GET"]}}],"collection":[{"href":"https:\/\/salvadoracontece.com.br\/index.php\/wp-json\/wp\/v2\/posts"}],"about":[{"href":"https:\/\/salvadoracontece.com.br\/index.php\/wp-json\/wp\/v2\/types\/post"}],"author":[{"embeddable":true,"href":"https:\/\/salvadoracontece.com.br\/index.php\/wp-json\/wp\/v2\/users\/2"}],"replies":[{"embeddable":true,"href":"https:\/\/salvadoracontece.com.br\/index.php\/wp-json\/wp\/v2\/comments?post=8458"}],"version-history":[{"count":1,"href":"https:\/\/salvadoracontece.com.br\/index.php\/wp-json\/wp\/v2\/posts\/8458\/revisions"}],"predecessor-version":[{"id":8460,"href":"https:\/\/salvadoracontece.com.br\/index.php\/wp-json\/wp\/v2\/posts\/8458\/revisions\/8460"}],"wp:featuredmedia":[{"embeddable":true,"href":"https:\/\/salvadoracontece.com.br\/index.php\/wp-json\/wp\/v2\/media\/8459"}],"wp:attachment":[{"href":"https:\/\/salvadoracontece.com.br\/index.php\/wp-json\/wp\/v2\/media?parent=8458"}],"wp:term":[{"taxonomy":"category","embeddable":true,"href":"https:\/\/salvadoracontece.com.br\/index.php\/wp-json\/wp\/v2\/categories?post=8458"},{"taxonomy":"post_tag","embeddable":true,"href":"https:\/\/salvadoracontece.com.br\/index.php\/wp-json\/wp\/v2\/tags?post=8458"}],"curies":[{"name":"wp","href":"https:\/\/api.w.org\/{rel}","templated":true}]}}