{"id":8473,"date":"2024-02-27T11:26:32","date_gmt":"2024-02-27T14:26:32","guid":{"rendered":"https:\/\/salvadoracontece.com.br\/?p=8473"},"modified":"2024-02-27T11:26:34","modified_gmt":"2024-02-27T14:26:34","slug":"fornecimento-de-agua-e-afetado-em-cidades-da-regiao-metropolitana-de-salvador","status":"publish","type":"post","link":"https:\/\/salvadoracontece.com.br\/index.php\/2024\/02\/27\/fornecimento-de-agua-e-afetado-em-cidades-da-regiao-metropolitana-de-salvador\/","title":{"rendered":"Fornecimento de \u00c1gua \u00e9 afetado em cidades da Regi\u00e3o Metropolitana de Salvador"},"content":{"rendered":"\n<p>Na tarde desta segunda-feira, 26 de fevereiro, moradores de algumas cidades da Regi\u00e3o Metropolitana de Salvador foram surpreendidos com a interrup\u00e7\u00e3o tempor\u00e1ria no fornecimento de \u00e1gua. Entre as localidades afetadas est\u00e3o Candeias e Madre de Deus, al\u00e9m de \u00e1reas em S\u00e3o Francisco do Conde, como Muribeca, Ilha das Fontes, Ilha do Pati, Socorro, Ca\u00edpe e Santo Estev\u00e3o, e ilhas de Salvador, incluindo Bom Jesus dos Passos, Paramana, Loreto e Ponta de Nossa Senhora.<\/p>\n\n\n\n<p>A interrup\u00e7\u00e3o foi necess\u00e1ria devido a um reparo emergencial em uma rede adutora localizada na BA-522, conforme informado pela Empresa Baiana de \u00c1guas e Saneamento (Embasa). Segundo a empresa, os servi\u00e7os est\u00e3o programados para serem conclu\u00eddos ainda nesta segunda-feira, com a retomada gradativa do fornecimento de \u00e1gua. A regulariza\u00e7\u00e3o completa na \u00e1rea afetada \u00e9 esperada em at\u00e9 72 horas ap\u00f3s a conclus\u00e3o dos trabalhos.<\/p>\n\n\n\n<p>Diante da retomada gradual do fornecimento de \u00e1gua, a Embasa enfatiza a import\u00e2ncia do uso econ\u00f4mico da \u00e1gua dispon\u00edvel nos domic\u00edlios. Al\u00e9m disso, a empresa disponibiliza o servi\u00e7o alternativo por meio de carro-pipa, que pode ser solicitado atrav\u00e9s do teleatendimento 0800 0555 195, do aplicativo Embasa ou do site de atendimento virtual da empresa. Vale ressaltar que hospitais e cl\u00ednicas ter\u00e3o prioridade nesse atendimento.<\/p>\n\n\n\n<p>A Embasa reitera seu compromisso com a presta\u00e7\u00e3o de servi\u00e7os de qualidade \u00e0 popula\u00e7\u00e3o e continua monitorando de perto a situa\u00e7\u00e3o para garantir que o abastecimento de \u00e1gua seja normalizado o mais breve poss\u00edvel.<\/p>\n\n\n\n<p>Fonte: Varela Net <\/p>\n","protected":false},"excerpt":{"rendered":"<p>Na tarde desta segunda-feira, 26 de fevereiro, moradores de algumas cidades da Regi\u00e3o Metropolitana de Salvador foram surpreendidos com a interrup\u00e7\u00e3o tempor\u00e1ria no fornecimento de \u00e1gua. Entre as localidades afetadas est\u00e3o Candeias e Madre de Deus, al\u00e9m de \u00e1reas em S\u00e3o Francisco do Conde, como Muribeca, Ilha das Fontes, Ilha do Pati, Socorro, Ca\u00edpe e [&hellip;]<\/p>\n","protected":false},"author":2,"featured_media":8474,"comment_status":"open","ping_status":"open","sticky":false,"template":"","format":"standard","meta":{"footnotes":""},"categories":[85],"tags":[],"class_list":["post-8473","post","type-post","status-publish","format-standard","has-post-thumbnail","hentry","category-noticias"],"_links":{"self":[{"href":"https:\/\/salvadoracontece.com.br\/index.php\/wp-json\/wp\/v2\/posts\/8473","targetHints":{"allow":["GET"]}}],"collection":[{"href":"https:\/\/salvadoracontece.com.br\/index.php\/wp-json\/wp\/v2\/posts"}],"about":[{"href":"https:\/\/salvadoracontece.com.br\/index.php\/wp-json\/wp\/v2\/types\/post"}],"author":[{"embeddable":true,"href":"https:\/\/salvadoracontece.com.br\/index.php\/wp-json\/wp\/v2\/users\/2"}],"replies":[{"embeddable":true,"href":"https:\/\/salvadoracontece.com.br\/index.php\/wp-json\/wp\/v2\/comments?post=8473"}],"version-history":[{"count":1,"href":"https:\/\/salvadoracontece.com.br\/index.php\/wp-json\/wp\/v2\/posts\/8473\/revisions"}],"predecessor-version":[{"id":8475,"href":"https:\/\/salvadoracontece.com.br\/index.php\/wp-json\/wp\/v2\/posts\/8473\/revisions\/8475"}],"wp:featuredmedia":[{"embeddable":true,"href":"https:\/\/salvadoracontece.com.br\/index.php\/wp-json\/wp\/v2\/media\/8474"}],"wp:attachment":[{"href":"https:\/\/salvadoracontece.com.br\/index.php\/wp-json\/wp\/v2\/media?parent=8473"}],"wp:term":[{"taxonomy":"category","embeddable":true,"href":"https:\/\/salvadoracontece.com.br\/index.php\/wp-json\/wp\/v2\/categories?post=8473"},{"taxonomy":"post_tag","embeddable":true,"href":"https:\/\/salvadoracontece.com.br\/index.php\/wp-json\/wp\/v2\/tags?post=8473"}],"curies":[{"name":"wp","href":"https:\/\/api.w.org\/{rel}","templated":true}]}}