{"id":8485,"date":"2024-02-27T14:45:50","date_gmt":"2024-02-27T17:45:50","guid":{"rendered":"https:\/\/salvadoracontece.com.br\/?p=8485"},"modified":"2024-02-27T14:45:51","modified_gmt":"2024-02-27T17:45:51","slug":"brasil-ja-registra-metade-dos-casos-de-contabilizados-em-2023","status":"publish","type":"post","link":"https:\/\/salvadoracontece.com.br\/index.php\/2024\/02\/27\/brasil-ja-registra-metade-dos-casos-de-contabilizados-em-2023\/","title":{"rendered":"Brasil j\u00e1 registra metade dos casos de contabilizados em 2023"},"content":{"rendered":"\n<p>Com 920.427 casos prov\u00e1veis de dengue desde 1\u00ba de janeiro, o pa\u00eds j\u00e1 contabiliza mais da metade do total de diagn\u00f3sticos da doen\u00e7a identificados por estados e munic\u00edpios ao longo de todo o ano de 2023, quando foram registrados 1.658.816 casos.<\/p>\n\n\n\n<p>Dados do Painel de Monitoramento de Arboviroses do Minist\u00e9rio da Sa\u00fade mostram que, no ano passado, o coeficiente de incid\u00eancia da dengue no pa\u00eds foi de 777,6 casos para cada grupo de 100 mil habitantes. O coeficiente registrado atualmente \u00e9 de 453,3 casos, sendo que o pico da doen\u00e7a, segundo autoridades sanit\u00e1rias, ainda n\u00e3o foi atingido.<\/p>\n\n\n\n<p>Em 2023, os estados com maior n\u00famero absoluto de casos da doen\u00e7a eram Minas Gerais, S\u00e3o Paulo, Paran\u00e1, Santa Catarina e Esp\u00edrito Santo. Este ano, Minas Gerais segue liderando o ranking, com 311.333 casos. Nas posi\u00e7\u00f5es seguintes est\u00e3o S\u00e3o Paulo (161.397), Distrito Federal (98.169), Paran\u00e1 (94.361) e Rio de Janeiro (71.494).<\/p>\n\n\n\n<p>Fonte: Ag\u00eancia Brasil&nbsp;<\/p>\n","protected":false},"excerpt":{"rendered":"<p>Com 920.427 casos prov\u00e1veis de dengue desde 1\u00ba de janeiro, o pa\u00eds j\u00e1 contabiliza mais da metade do total de diagn\u00f3sticos da doen\u00e7a identificados por estados e munic\u00edpios ao longo de todo o ano de 2023, quando foram registrados 1.658.816 casos. Dados do Painel de Monitoramento de Arboviroses do Minist\u00e9rio da Sa\u00fade mostram que, no [&hellip;]<\/p>\n","protected":false},"author":2,"featured_media":8486,"comment_status":"open","ping_status":"open","sticky":false,"template":"","format":"standard","meta":{"footnotes":""},"categories":[94],"tags":[],"class_list":["post-8485","post","type-post","status-publish","format-standard","has-post-thumbnail","hentry","category-saude-2"],"_links":{"self":[{"href":"https:\/\/salvadoracontece.com.br\/index.php\/wp-json\/wp\/v2\/posts\/8485","targetHints":{"allow":["GET"]}}],"collection":[{"href":"https:\/\/salvadoracontece.com.br\/index.php\/wp-json\/wp\/v2\/posts"}],"about":[{"href":"https:\/\/salvadoracontece.com.br\/index.php\/wp-json\/wp\/v2\/types\/post"}],"author":[{"embeddable":true,"href":"https:\/\/salvadoracontece.com.br\/index.php\/wp-json\/wp\/v2\/users\/2"}],"replies":[{"embeddable":true,"href":"https:\/\/salvadoracontece.com.br\/index.php\/wp-json\/wp\/v2\/comments?post=8485"}],"version-history":[{"count":1,"href":"https:\/\/salvadoracontece.com.br\/index.php\/wp-json\/wp\/v2\/posts\/8485\/revisions"}],"predecessor-version":[{"id":8487,"href":"https:\/\/salvadoracontece.com.br\/index.php\/wp-json\/wp\/v2\/posts\/8485\/revisions\/8487"}],"wp:featuredmedia":[{"embeddable":true,"href":"https:\/\/salvadoracontece.com.br\/index.php\/wp-json\/wp\/v2\/media\/8486"}],"wp:attachment":[{"href":"https:\/\/salvadoracontece.com.br\/index.php\/wp-json\/wp\/v2\/media?parent=8485"}],"wp:term":[{"taxonomy":"category","embeddable":true,"href":"https:\/\/salvadoracontece.com.br\/index.php\/wp-json\/wp\/v2\/categories?post=8485"},{"taxonomy":"post_tag","embeddable":true,"href":"https:\/\/salvadoracontece.com.br\/index.php\/wp-json\/wp\/v2\/tags?post=8485"}],"curies":[{"name":"wp","href":"https:\/\/api.w.org\/{rel}","templated":true}]}}