{"id":8488,"date":"2024-02-27T14:54:26","date_gmt":"2024-02-27T17:54:26","guid":{"rendered":"https:\/\/salvadoracontece.com.br\/?p=8488"},"modified":"2024-02-27T14:54:28","modified_gmt":"2024-02-27T17:54:28","slug":"previa-da-inflacao-oficial-sobe-para-078-em-fevereiro","status":"publish","type":"post","link":"https:\/\/salvadoracontece.com.br\/index.php\/2024\/02\/27\/previa-da-inflacao-oficial-sobe-para-078-em-fevereiro\/","title":{"rendered":"Pr\u00e9via da infla\u00e7\u00e3o oficial sobe para 0,78% em fevereiro"},"content":{"rendered":"\n<p>O \u00cdndice Nacional de Pre\u00e7os ao Consumidor Amplo 15 (IPCA-15), que mede a pr\u00e9via da infla\u00e7\u00e3o oficial, ficou em 0,78% em fevereiro deste ano. A taxa \u00e9 superior ao 0,31% de janeiro deste ano e ao 0,76% de fevereiro do ano passado.<\/p>\n\n\n\n<p>Segundo o Instituto Brasileiro de Geografia e Estat\u00edstica (IBGE), o IPCA-15 acumula 1,09% no ano e &nbsp;4,49% em 12 meses.<\/p>\n\n\n\n<p>O principal impacto na pr\u00e9via da infla\u00e7\u00e3o de fevereiro veio dos aumentos das taxas dos cursos regulares, que subiram 6,13% no per\u00edodo. Os reajustes de pre\u00e7os s\u00e3o habitualmente praticados no in\u00edcio do ano.<\/p>\n\n\n\n<p>Entre os cursos com maiores reajustes destacam-se ensino m\u00e9dio (8,58%), ensino fundamental (8,23%) e pr\u00e9-escola (8,14%). Com essas altas de pre\u00e7os, o grupo de despesas com educa\u00e7\u00e3o registrou infla\u00e7\u00e3o de 5,07% na pr\u00e9via do m\u00eas. Na pr\u00e9via de janeiro, o grupo educa\u00e7\u00e3o tinha variado apenas 0,39%.<\/p>\n\n\n\n<h2 class=\"wp-block-heading\">Infla\u00e7\u00e3o<\/h2>\n\n\n\n<p>Oito dos nove grupos de despesa apresentaram infla\u00e7\u00e3o na pr\u00e9via de fevereiro. Al\u00e9m de educa\u00e7\u00e3o, destacou-se o de alimenta\u00e7\u00e3o e bebidas, com infla\u00e7\u00e3o de 0,97% no per\u00edodo.<\/p>\n\n\n\n<p>Entre os itens com maiores altas de pre\u00e7os est\u00e3o cenoura&nbsp;(36,21%),&nbsp;batata-inglesa&nbsp;(22,58%), feij\u00e3o-carioca&nbsp;(7,21%), arroz&nbsp;(5,85%) e frutas&nbsp;(2,24%).<\/p>\n\n\n\n<p>Outros grupos com infla\u00e7\u00e3o na pr\u00e9via de fevereiro foram sa\u00fade e cuidados pessoais (0,76%), comunica\u00e7\u00e3o (1,67%), despesas pessoais (0,46%), transportes (0,15%), habita\u00e7\u00e3o (0,14%) e artigos de resid\u00eancia (0,45%).<\/p>\n\n\n\n<p>O \u00fanico grupo de despesas com defla\u00e7\u00e3o (queda de pre\u00e7os) na pr\u00e9via de fevereiro foi vestu\u00e1rio, com -0,39%.<\/p>\n","protected":false},"excerpt":{"rendered":"<p>O \u00cdndice Nacional de Pre\u00e7os ao Consumidor Amplo 15 (IPCA-15), que mede a pr\u00e9via da infla\u00e7\u00e3o oficial, ficou em 0,78% em fevereiro deste ano. A taxa \u00e9 superior ao 0,31% de janeiro deste ano e ao 0,76% de fevereiro do ano passado. Segundo o Instituto Brasileiro de Geografia e Estat\u00edstica (IBGE), o IPCA-15 acumula 1,09% [&hellip;]<\/p>\n","protected":false},"author":2,"featured_media":8489,"comment_status":"open","ping_status":"open","sticky":false,"template":"","format":"standard","meta":{"footnotes":""},"categories":[92],"tags":[],"class_list":["post-8488","post","type-post","status-publish","format-standard","has-post-thumbnail","hentry","category-economia"],"_links":{"self":[{"href":"https:\/\/salvadoracontece.com.br\/index.php\/wp-json\/wp\/v2\/posts\/8488","targetHints":{"allow":["GET"]}}],"collection":[{"href":"https:\/\/salvadoracontece.com.br\/index.php\/wp-json\/wp\/v2\/posts"}],"about":[{"href":"https:\/\/salvadoracontece.com.br\/index.php\/wp-json\/wp\/v2\/types\/post"}],"author":[{"embeddable":true,"href":"https:\/\/salvadoracontece.com.br\/index.php\/wp-json\/wp\/v2\/users\/2"}],"replies":[{"embeddable":true,"href":"https:\/\/salvadoracontece.com.br\/index.php\/wp-json\/wp\/v2\/comments?post=8488"}],"version-history":[{"count":1,"href":"https:\/\/salvadoracontece.com.br\/index.php\/wp-json\/wp\/v2\/posts\/8488\/revisions"}],"predecessor-version":[{"id":8490,"href":"https:\/\/salvadoracontece.com.br\/index.php\/wp-json\/wp\/v2\/posts\/8488\/revisions\/8490"}],"wp:featuredmedia":[{"embeddable":true,"href":"https:\/\/salvadoracontece.com.br\/index.php\/wp-json\/wp\/v2\/media\/8489"}],"wp:attachment":[{"href":"https:\/\/salvadoracontece.com.br\/index.php\/wp-json\/wp\/v2\/media?parent=8488"}],"wp:term":[{"taxonomy":"category","embeddable":true,"href":"https:\/\/salvadoracontece.com.br\/index.php\/wp-json\/wp\/v2\/categories?post=8488"},{"taxonomy":"post_tag","embeddable":true,"href":"https:\/\/salvadoracontece.com.br\/index.php\/wp-json\/wp\/v2\/tags?post=8488"}],"curies":[{"name":"wp","href":"https:\/\/api.w.org\/{rel}","templated":true}]}}