{"id":8494,"date":"2024-02-27T16:21:00","date_gmt":"2024-02-27T19:21:00","guid":{"rendered":"https:\/\/salvadoracontece.com.br\/?p=8494"},"modified":"2024-02-27T16:21:02","modified_gmt":"2024-02-27T19:21:02","slug":"por-falta-de-entendimento-reuniao-do-colegio-de-lideres-e-adiada","status":"publish","type":"post","link":"https:\/\/salvadoracontece.com.br\/index.php\/2024\/02\/27\/por-falta-de-entendimento-reuniao-do-colegio-de-lideres-e-adiada\/","title":{"rendered":"Por falta de entendimento, reuni\u00e3o do col\u00e9gio de l\u00edderes \u00e9 adiada"},"content":{"rendered":"\n<p>H\u00e1 duas semanas da retomada das atividades na C\u00e2mara Municipal de Salvador (CMS), os vereadores ainda n\u00e3o chegaram a um consenso para reorganizar as comiss\u00f5es da Casa. A discuss\u00e3o sobre o tema estava prevista para acontecer nesta ter\u00e7a-feira, 27, mas, por falta de entendimento, a reuni\u00e3o do col\u00e9gio de l\u00edderes foi adiada.\u00a0<\/p>\n\n\n\n<p>O presidente Carlos Muniz (PSDB) deve convocar um novo encontro com os parlamentares na pr\u00f3xima segunda-feira, 4. Al\u00e9m da defini\u00e7\u00e3o dos colegiados, o encontro tamb\u00e9m deve estabelecer o cronograma de vota\u00e7\u00e3o dos projetos de vereadores e do Executivo.\u00a0<\/p>\n\n\n\n<p>Fonte: A Tarde <\/p>\n","protected":false},"excerpt":{"rendered":"<p>H\u00e1 duas semanas da retomada das atividades na C\u00e2mara Municipal de Salvador (CMS), os vereadores ainda n\u00e3o chegaram a um consenso para reorganizar as comiss\u00f5es da Casa. A discuss\u00e3o sobre o tema estava prevista para acontecer nesta ter\u00e7a-feira, 27, mas, por falta de entendimento, a reuni\u00e3o do col\u00e9gio de l\u00edderes foi adiada.\u00a0 O presidente Carlos [&hellip;]<\/p>\n","protected":false},"author":2,"featured_media":8495,"comment_status":"open","ping_status":"open","sticky":false,"template":"","format":"standard","meta":{"footnotes":""},"categories":[91],"tags":[],"class_list":["post-8494","post","type-post","status-publish","format-standard","has-post-thumbnail","hentry","category-politica"],"_links":{"self":[{"href":"https:\/\/salvadoracontece.com.br\/index.php\/wp-json\/wp\/v2\/posts\/8494","targetHints":{"allow":["GET"]}}],"collection":[{"href":"https:\/\/salvadoracontece.com.br\/index.php\/wp-json\/wp\/v2\/posts"}],"about":[{"href":"https:\/\/salvadoracontece.com.br\/index.php\/wp-json\/wp\/v2\/types\/post"}],"author":[{"embeddable":true,"href":"https:\/\/salvadoracontece.com.br\/index.php\/wp-json\/wp\/v2\/users\/2"}],"replies":[{"embeddable":true,"href":"https:\/\/salvadoracontece.com.br\/index.php\/wp-json\/wp\/v2\/comments?post=8494"}],"version-history":[{"count":1,"href":"https:\/\/salvadoracontece.com.br\/index.php\/wp-json\/wp\/v2\/posts\/8494\/revisions"}],"predecessor-version":[{"id":8496,"href":"https:\/\/salvadoracontece.com.br\/index.php\/wp-json\/wp\/v2\/posts\/8494\/revisions\/8496"}],"wp:featuredmedia":[{"embeddable":true,"href":"https:\/\/salvadoracontece.com.br\/index.php\/wp-json\/wp\/v2\/media\/8495"}],"wp:attachment":[{"href":"https:\/\/salvadoracontece.com.br\/index.php\/wp-json\/wp\/v2\/media?parent=8494"}],"wp:term":[{"taxonomy":"category","embeddable":true,"href":"https:\/\/salvadoracontece.com.br\/index.php\/wp-json\/wp\/v2\/categories?post=8494"},{"taxonomy":"post_tag","embeddable":true,"href":"https:\/\/salvadoracontece.com.br\/index.php\/wp-json\/wp\/v2\/tags?post=8494"}],"curies":[{"name":"wp","href":"https:\/\/api.w.org\/{rel}","templated":true}]}}