{"id":8513,"date":"2024-02-28T11:19:44","date_gmt":"2024-02-28T14:19:44","guid":{"rendered":"https:\/\/salvadoracontece.com.br\/?p=8513"},"modified":"2024-02-28T11:19:46","modified_gmt":"2024-02-28T14:19:46","slug":"titi-fala-sobre-ataque-a-onibus-e-se-emociona-isso-vai-parar-em-morte","status":"publish","type":"post","link":"https:\/\/salvadoracontece.com.br\/index.php\/2024\/02\/28\/titi-fala-sobre-ataque-a-onibus-e-se-emociona-isso-vai-parar-em-morte\/","title":{"rendered":"Titi fala sobre ataque a \u00f4nibus e se emociona: &#8220;Isso vai parar em morte&#8221;"},"content":{"rendered":"\n<p>O atleta Titi, zagueiro do Fortaleza, que j\u00e1 vestiu a camisa do Bahia, concedeu entrevista ao programa esportivo&nbsp;<em>Sele\u00e7\u00e3o Sportv<\/em>, nesta ter\u00e7a-feira (27). O jogador se emocionou ao falar sobre a cena de terror vivida por ele e seus colegas da delega\u00e7\u00e3o na noite&nbsp;da \u00faltima quarta (21).&nbsp;<\/p>\n\n\n\n<p>Titi acabou atingido por estilha\u00e7os de vidro e resqu\u00edcios de bomba caseira na panturrilha, e fez um procedimento cir\u00fargico para retirada dos \u00edtens. Ele ficar\u00e1 ao menos tr\u00eas semanas fora.<\/p>\n\n\n\n<figure class=\"wp-block-image\"><img decoding=\"async\" src=\"https:\/\/api.varelanet.com.br\/fotos\/varela_noticias\/49552\/mg\/whatsapp-image-2024-02-27-at-15.png\" alt=\"\"\/><\/figure>\n\n\n\n<p>Tite no CT do Fortaleza, usando muleta.&nbsp;<em>Reprodu\u00e7\u00e3o: Redes sociais<\/em><\/p>\n\n\n\n<p>Em depoimento forte, Titi falou sobre epis\u00f3dio, afirmando que o ataque foi armado como emboscada para o \u00f4nibus do Fortaleza.&nbsp;<\/p>\n\n\n\n<p><em>&#8220;Foi uma tocaia. Eles sabiam exatamente o que estavam fazendo e o que queriam: tirar nossas vidas. O ambiente est\u00e1 de muita tristeza. Todos os atletas est\u00e3o abatidos, abalados com o que vivemos. E s\u00f3 n\u00f3s sabemos o que passamos, jogadores chorando, gritando, era sangue em todo canto do \u00f4nibus, mas no dia seguinte a bola estava rolando&#8221;<\/em>, detalhou Tite. &nbsp;<\/p>\n\n\n\n<p>Ele tamb\u00e9m fala sobre as poss\u00edveis consequ\u00eancias da crescente onda de viol\u00eancia, al\u00e9m da necessidade de protestar contra o cen\u00e1rio de guerra no futebol.&nbsp;<\/p>\n\n\n\n<p><em>&#8220;Eu fa\u00e7o uma mea culpa, porque no dia do Danilo, eu fui apenas gravar um v\u00eddeo. N\u00f3s temos que parar. Porque isso vai parar em morte se n\u00e3o tomarmos uma determinada decis\u00e3o. Mas se n\u00f3s decidirmos parar enquanto houver viol\u00eancia, a bola n\u00e3o rola. Talvez essa seja a maior tristeza&#8221;<\/em>, desabafou.&nbsp;<\/p>\n\n\n\n<p><strong>Ainda em como\u00e7\u00e3o, o jogador relembra discurso do seu treinador Vojvoda.<\/strong><\/p>\n\n\n\n<p><em>&#8220;O Vojvoda foi muito feliz nas palavras que, naqueles cinco segundos, na parte de cima do \u00f4nibus, era momento de se encontrar algum atleta morto, algum atleta sem vida. Porque, sim, foi uma tentativa de homic\u00eddio. N\u00e3o foi atentado. S\u00f3 quem estava l\u00e1 dentro consegue dimensionar. Faltam palavras. Os v\u00e2ndalos, bandidos sabiam o que estavam fazendo. E n\u00f3s s\u00f3 est\u00e1vamos trabalhando&#8221;<\/em>, concluiu.&nbsp;<\/p>\n\n\n\n<p>Ainda nesta ter\u00e7a, a Pol\u00edcia Civil de Pernambuco revelou a confiss\u00e3o de um suspeito que participou dos ataques ao \u00f4nibus do Tricolor do Pici. O indiv\u00edduo \u00e9 maior de idade, foi ouvido e logo depois liberado, por n\u00e3o haver flagrante. As investiga\u00e7\u00f5es seguem em andamento.\u00a0<\/p>\n\n\n\n<p>Fonte: Varela Net<\/p>\n","protected":false},"excerpt":{"rendered":"<p>O atleta Titi, zagueiro do Fortaleza, que j\u00e1 vestiu a camisa do Bahia, concedeu entrevista ao programa esportivo&nbsp;Sele\u00e7\u00e3o Sportv, nesta ter\u00e7a-feira (27). O jogador se emocionou ao falar sobre a cena de terror vivida por ele e seus colegas da delega\u00e7\u00e3o na noite&nbsp;da \u00faltima quarta (21).&nbsp; Titi acabou atingido por estilha\u00e7os de vidro e resqu\u00edcios [&hellip;]<\/p>\n","protected":false},"author":2,"featured_media":8514,"comment_status":"open","ping_status":"open","sticky":false,"template":"","format":"standard","meta":{"footnotes":""},"categories":[89],"tags":[],"class_list":["post-8513","post","type-post","status-publish","format-standard","has-post-thumbnail","hentry","category-esportes"],"_links":{"self":[{"href":"https:\/\/salvadoracontece.com.br\/index.php\/wp-json\/wp\/v2\/posts\/8513","targetHints":{"allow":["GET"]}}],"collection":[{"href":"https:\/\/salvadoracontece.com.br\/index.php\/wp-json\/wp\/v2\/posts"}],"about":[{"href":"https:\/\/salvadoracontece.com.br\/index.php\/wp-json\/wp\/v2\/types\/post"}],"author":[{"embeddable":true,"href":"https:\/\/salvadoracontece.com.br\/index.php\/wp-json\/wp\/v2\/users\/2"}],"replies":[{"embeddable":true,"href":"https:\/\/salvadoracontece.com.br\/index.php\/wp-json\/wp\/v2\/comments?post=8513"}],"version-history":[{"count":1,"href":"https:\/\/salvadoracontece.com.br\/index.php\/wp-json\/wp\/v2\/posts\/8513\/revisions"}],"predecessor-version":[{"id":8515,"href":"https:\/\/salvadoracontece.com.br\/index.php\/wp-json\/wp\/v2\/posts\/8513\/revisions\/8515"}],"wp:featuredmedia":[{"embeddable":true,"href":"https:\/\/salvadoracontece.com.br\/index.php\/wp-json\/wp\/v2\/media\/8514"}],"wp:attachment":[{"href":"https:\/\/salvadoracontece.com.br\/index.php\/wp-json\/wp\/v2\/media?parent=8513"}],"wp:term":[{"taxonomy":"category","embeddable":true,"href":"https:\/\/salvadoracontece.com.br\/index.php\/wp-json\/wp\/v2\/categories?post=8513"},{"taxonomy":"post_tag","embeddable":true,"href":"https:\/\/salvadoracontece.com.br\/index.php\/wp-json\/wp\/v2\/tags?post=8513"}],"curies":[{"name":"wp","href":"https:\/\/api.w.org\/{rel}","templated":true}]}}