{"id":8516,"date":"2024-02-28T11:30:25","date_gmt":"2024-02-28T14:30:25","guid":{"rendered":"https:\/\/salvadoracontece.com.br\/?p=8516"},"modified":"2024-02-28T11:30:27","modified_gmt":"2024-02-28T14:30:27","slug":"panorama-internacional-coisa-de-cinema-movimenta-salvador-em-marco","status":"publish","type":"post","link":"https:\/\/salvadoracontece.com.br\/index.php\/2024\/02\/28\/panorama-internacional-coisa-de-cinema-movimenta-salvador-em-marco\/","title":{"rendered":"Panorama Internacional Coisa de Cinema movimenta Salvador em mar\u00e7o"},"content":{"rendered":"\n<p>Salvador ter\u00e1 uma grande festa de exposi\u00e7\u00e3o da produ\u00e7\u00e3o audiovisual brasileira e internacional entre os dias 14 e 20 de mar\u00e7o, com a realiza\u00e7\u00e3o do XIX Panorama Internacional Coisa de Cinema no Cine Glauber Rocha, situado na Pra\u00e7a Castro Alves, e tamb\u00e9m na Sala Walter da Silveira, nos Barris. As informa\u00e7\u00f5es sobre os filmes que ir\u00e3o participar do Panorama foram divulgadas na tarde desta ter\u00e7a-feira (27), durante coletiva de imprensa, no Cine Glauber Rocha.<\/p>\n\n\n\n<p>Ser\u00e1 um momento \u00fanico para acompanhar a diversidade cinematogr\u00e1fica produzida na Bahia, no Brasil e em outros pa\u00edses do mundo. Al\u00e9m da exibi\u00e7\u00e3o dos filmes, o panorama tamb\u00e9m vai contar com a realiza\u00e7\u00e3o de oficinas, laborat\u00f3rios, di\u00e1logos, debates e palestras sobre o cinema e as produ\u00e7\u00f5es cinematogr\u00e1ficas em \u00e2mbito local, nacional e internacional.<\/p>\n\n\n\n<p>O XIX Panorama Internacional Coisa de Cinema est\u00e1 sendo realizado por meio do edital SalCine, desenvolvido pela Prefeitura de Salvador, atrav\u00e9s da Funda\u00e7\u00e3o Greg\u00f3rio de Mattos (FGM) e da Secretaria Municipal de Cultura e Turismo (Secult), a partir da Lei Paulo Gustavo, com recursos da Uni\u00e3o e suplementa\u00e7\u00e3o do Munic\u00edpio. O evento conta tamb\u00e9m com patroc\u00ednio do Instituto Fl\u00e1via Abubakir e da produtora Coisa de Cinema.<\/p>\n\n\n\n<p>Gestor audiovisual da Secult, Felipe R\u00eago, destacou que o SalCine se estabelece no cen\u00e1rio audiovisual soteropolitano como um marco junto aos principais eventos de audiovisual. Sendo assim, o Panorama abre um calend\u00e1rio de projetos que ser\u00e3o executados este ano.<\/p>\n\n\n\n<p>\u201cO SalCine assina a realiza\u00e7\u00e3o do Panorama, este ano, atrav\u00e9s do seu edital e da sua pol\u00edtica de fomento, que financiou 66 projetos no ano passado. Foram investidos mais de R$19 milh\u00f5es na cadeia audiovisual, em projetos de produ\u00e7\u00e3o, de difus\u00e3o, como o projeto do Panorama. Ent\u00e3o, \u00e9 um grande prazer e uma grande honra para a Prefeitura poder contribuir agora com a realiza\u00e7\u00e3o do maior e mais longevo festival do estado\u201d, destacou.<\/p>\n\n\n\n<p>Idealizador e coordenador do Panorama, Cl\u00e1udio Marques disse estar muito feliz com o fomento municipal. \u201c\u00c9 a primeira vez que estamos sendo patrocinados pela Prefeitura. Eu estou muito contente e de fato h\u00e1 uma novidade no ar. De fato, a Prefeitura come\u00e7ou a se importar com o audiovisual na cidade. Isso \u00e9 uma novidade das mais interessantes. \u00c9 percept\u00edvel um interesse genu\u00edno da gest\u00e3o municipal em apoiar e patrocinar a produ\u00e7\u00e3o audiovisual em Salvador e eu acho que vem mais coisas pela frente\u201d, disse.<\/p>\n\n\n\n<p>Tamb\u00e9m coordenadora do evento, Mar\u00edlia Hughes lembrou que, no ano passado, o festival n\u00e3o foi realizado por falta de patroc\u00ednio. \u201cQuando surgiu o edital da Prefeitura atrav\u00e9s da SalCine e fomos contemplados, foi muito bom, porque a gente tinha trabalhado para realizar no ano passado. Ent\u00e3o j\u00e1 v\u00ednhamos fazendo curadoria desde mar\u00e7o de 2023 e ia ser um trabalho que iria se perder. Com o SalCine, conseguimos dar continuidade e finalizar esse trabalho agora para o in\u00edcio de 2024\u201d, contou.<\/p>\n\n\n\n<p>Em sua 19\u00aa edi\u00e7\u00e3o, o Panorama homenageia Glauber Rocha e Castro Alves, artistas baianos nascidos em 14 de mar\u00e7o &#8211; o cineasta em 1939, o poeta em 1847 &#8211; e com papel fundamental na cultura brasileira.<\/p>\n\n\n\n<p><strong>Filmes<\/strong>&nbsp;\u2013 Fazem parte das 138 produ\u00e7\u00f5es, dentre longas, curtas e document\u00e1rios, os 73 filmes selecionados para as Competitivas Nacional, Baiana e Internacional, que avaliar\u00e3o e premiar\u00e3o os melhores filmes no \u00faltimo dia do Panorama, dia 20 de mar\u00e7o. Ao todo, nove longas baianos est\u00e3o na disputa, dois deles na Competitiva Nacional. Na Competitiva Baiana, s\u00e3o sete longas e 24 curtas, representando um per\u00edodo produtivo no cen\u00e1rio atual baiano.<\/p>\n\n\n\n<p>Os longas que fazem parte da Competitiva Baiana s\u00e3o A Matriarca, com dire\u00e7\u00e3o de Lula Oliveira; Caf\u00e9, P\u00e9pi e Lim\u00e3o, de Adler Kibe Paz e Pedro L\u00e9o; Cosmovis\u00f5es, de Marc\u00edlia Cavalcante, Di\u00e1rio de Primavera, de Fab\u00edola Aquino e Juliano de Paula Santos; Dois Sert\u00f5es, de Caio Resende e Fabiana Leite; Sysyphus, de George Neri e No Rastro do P\u00e9 de Bode, de Fab\u00edola Aquino e Juliano de Paula Santos. Alguns dos curtas da competitiva baiana s\u00e3o 56 Dias, de Lara Carvalho; A Fa\u00edsca, de Gabriela Monteiro; Al\u00e9m da Cancela, de Margarete Jesus, Camaleoa, de Euardo Tosta e O Homem que Virou Castanha, de Natan Fox.<\/p>\n\n\n\n<p>A rela\u00e7\u00e3o completa dos filmes participantes e as informa\u00e7\u00f5es sobre as oficinas e laborat\u00f3rios podem ser acessada no site do XIX Panorama Internacional Coisa de Cinema e tamb\u00e9m no perfil do Instagram (@panoramacoisadecinema). Os ingressos para as sess\u00f5es ter\u00e3o pre\u00e7os populares de R$12 (inteira) e R$ 6 (meia entrada). Al\u00e9m disso, ser\u00e1 comercializado um passaporte individual para dez sess\u00f5es por R$55, e na Sala Walter da Silveira, a programa\u00e7\u00e3o ser\u00e1 gratuita.<\/p>\n\n\n\n<p>Fonte: Tribuna da Bahia <\/p>\n","protected":false},"excerpt":{"rendered":"<p>Salvador ter\u00e1 uma grande festa de exposi\u00e7\u00e3o da produ\u00e7\u00e3o audiovisual brasileira e internacional entre os dias 14 e 20 de mar\u00e7o, com a realiza\u00e7\u00e3o do XIX Panorama Internacional Coisa de Cinema no Cine Glauber Rocha, situado na Pra\u00e7a Castro Alves, e tamb\u00e9m na Sala Walter da Silveira, nos Barris. As informa\u00e7\u00f5es sobre os filmes que [&hellip;]<\/p>\n","protected":false},"author":2,"featured_media":8517,"comment_status":"open","ping_status":"open","sticky":false,"template":"","format":"standard","meta":{"footnotes":""},"categories":[93],"tags":[],"class_list":["post-8516","post","type-post","status-publish","format-standard","has-post-thumbnail","hentry","category-entretenimento"],"_links":{"self":[{"href":"https:\/\/salvadoracontece.com.br\/index.php\/wp-json\/wp\/v2\/posts\/8516","targetHints":{"allow":["GET"]}}],"collection":[{"href":"https:\/\/salvadoracontece.com.br\/index.php\/wp-json\/wp\/v2\/posts"}],"about":[{"href":"https:\/\/salvadoracontece.com.br\/index.php\/wp-json\/wp\/v2\/types\/post"}],"author":[{"embeddable":true,"href":"https:\/\/salvadoracontece.com.br\/index.php\/wp-json\/wp\/v2\/users\/2"}],"replies":[{"embeddable":true,"href":"https:\/\/salvadoracontece.com.br\/index.php\/wp-json\/wp\/v2\/comments?post=8516"}],"version-history":[{"count":1,"href":"https:\/\/salvadoracontece.com.br\/index.php\/wp-json\/wp\/v2\/posts\/8516\/revisions"}],"predecessor-version":[{"id":8518,"href":"https:\/\/salvadoracontece.com.br\/index.php\/wp-json\/wp\/v2\/posts\/8516\/revisions\/8518"}],"wp:featuredmedia":[{"embeddable":true,"href":"https:\/\/salvadoracontece.com.br\/index.php\/wp-json\/wp\/v2\/media\/8517"}],"wp:attachment":[{"href":"https:\/\/salvadoracontece.com.br\/index.php\/wp-json\/wp\/v2\/media?parent=8516"}],"wp:term":[{"taxonomy":"category","embeddable":true,"href":"https:\/\/salvadoracontece.com.br\/index.php\/wp-json\/wp\/v2\/categories?post=8516"},{"taxonomy":"post_tag","embeddable":true,"href":"https:\/\/salvadoracontece.com.br\/index.php\/wp-json\/wp\/v2\/tags?post=8516"}],"curies":[{"name":"wp","href":"https:\/\/api.w.org\/{rel}","templated":true}]}}