{"id":8522,"date":"2024-02-28T11:47:02","date_gmt":"2024-02-28T14:47:02","guid":{"rendered":"https:\/\/salvadoracontece.com.br\/?p=8522"},"modified":"2024-02-28T11:47:04","modified_gmt":"2024-02-28T14:47:04","slug":"milei-corta-verba-de-provincias-e-abre-crise-politica-na-argentina","status":"publish","type":"post","link":"https:\/\/salvadoracontece.com.br\/index.php\/2024\/02\/28\/milei-corta-verba-de-provincias-e-abre-crise-politica-na-argentina\/","title":{"rendered":"Milei corta verba de prov\u00edncias e abre crise pol\u00edtica na Argentina"},"content":{"rendered":"\n<p>O presidente argentino, Javier Milei, publicou essa semana mais um decreto cortando recursos para prov\u00edncias argentinas. Dessa vez, ele cancelou o Fundo de Fortalecimento Fiscal da prov\u00edncia de Buenos Aires, causando a ira do governador Axel Kicillof, que prometeu recorrer da decis\u00e3o.<\/p>\n\n\n\n<p>Em entrevista coletiva, Kicillof disse que o presidente est\u00e1 extorquindo e amea\u00e7ando as prov\u00edncias argentinas. \u201cO ajuste n\u00e3o foi nem contra a casta, nem contra um setor exclusivo, nem contra a pol\u00edtica. O ajuste, e hoje est\u00e1 claro, foi contra o povo da prov\u00edncia e de todo o pa\u00eds\u201d, afirmou o governador, alertando que o corte prejudica, entre outras despesas, o pagamento dos sal\u00e1rios de professores e o financiamento da alimenta\u00e7\u00e3o dos alunos.<\/p>\n\n\n\n<p>Na semana anterior, Milei suspendeu recursos da prov\u00edncia da regi\u00e3o patag\u00f4nica Chubut. Em resposta, o governador Ignacio Torres recorreu \u00e0 Justi\u00e7a e prometeu suspender o fornecimento de petr\u00f3leo e g\u00e1s para o resto do pa\u00eds. Outros quatro governadores da Patag\u00f4nia argentina, respons\u00e1veis pela produ\u00e7\u00e3o de cerca de 90% do petr\u00f3leo e g\u00e1s do pa\u00eds, se manifestaram em solidariedade \u00e0 prov\u00edncia de Chubut.<\/p>\n\n\n\n<p>Nessa ter\u00e7a-feira, 27, a primeira inst\u00e2ncia da justi\u00e7a federal mandou o governo nacional devolver o acesso aos recursos de Chubut, mas o governo MIlei informou que ir\u00e1 recorrer da decis\u00e3o.<\/p>\n\n\n\n<p>Em entrevista ao jornal La Naci\u00f3n, Torres afirmou que o objetivo do governo nacional \u00e9 \u201cmatar uma prov\u00edncia para exemplificar e disciplinar o resto\u201d e acrescentou que MIlei corta \u201cqualquer ponte de di\u00e1logo com qualquer governador, deputado ou qualquer pessoa que ouse dizer que n\u00e3o est\u00e1 de acordo com algo\u201d.<\/p>\n\n\n\n<p>Em uma rede social, o presidente Javier Milei comentou a crise pol\u00edtica justificando que \u201ca casta pol\u00edtica est\u00e1 chafurdando na mis\u00e9ria e apelando a todo tipo de mentiras para defender seus privil\u00e9gios e assim carregar os custos de seus del\u00edrios sobre os bons argentinos\u201d.<\/p>\n\n\n\n<p>Ao justificar o cancelamento do fundo de Buenos Aires, o governo argentino disse que a medida \u00e9 necess\u00e1ria para efetuar o ajuste fiscal de at\u00e9 5% do Produto Interno Bruto (PIB) nas contas do Estado.<\/p>\n\n\n\n<p><strong>Crise pol\u00edtica<\/strong><\/p>\n\n\n\n<p>O cientista pol\u00edtico Leandro Gabiati avaliou que Milei decidiu cortar recursos das prov\u00edncias depois de ver derrotado o seu projeto de lei de ajuste fiscal no Congresso Nacional, a chamada \u201clei \u00f4nibus\u201d. Para o especialista, essas decis\u00f5es refletem um m\u00e9todo de governar baseado no confronto.<\/p>\n\n\n\n<p>\u201cEle tentou impor o projeto de lei ao Congresso e n\u00e3o quis negociar, e assim o projeto acabou derrotado. O decreto que ele editou em dezembro tem chance de cair ou de n\u00e3o avan\u00e7ar quando come\u00e7arem as sess\u00f5es agora no m\u00eas de mar\u00e7o no Senado e na C\u00e2mara\u201d, destacou.<\/p>\n\n\n\n<p>Gabiati acrescentou que essa din\u00e2mica est\u00e1 sendo implementada tamb\u00e9m com rela\u00e7\u00e3o aos governadores. \u201cLogicamente, isso a\u00ed \u00e9 uma postura de risco, porque pode gerar impasses que, se n\u00e3o forem resolvidos, podem decorrer em crises pol\u00edticas ou at\u00e9 sociais\u201d, completou.<\/p>\n\n\n\n<p>O cientista pol\u00edtico argentino, que \u00e9 naturalizado brasileiro, lembrou ainda que, comparado com o Brasil, as prov\u00edncias argentinas t\u00eam maior depend\u00eancia financeira em rela\u00e7\u00e3o ao governo central.<\/p>\n\n\n\n<p>\u201cNo Brasil, voc\u00ea tem estados com uma certa autonomia econ\u00f4mica &#8211; como S\u00e3o Paulo, Paran\u00e1, do Sul, do Sudeste, at\u00e9 do Centro-Oeste e do Nordeste tamb\u00e9m. Logicamente que os repasses e a divis\u00e3o de recursos s\u00e3o importantes, mas elas t\u00eam uma vida econ\u00f4mica pr\u00f3pria. Isso acontece em menor medida na Argentina. Ent\u00e3o, esses repasses de recursos s\u00e3o o centro do conflito que \u00e9 hist\u00f3rico na Argentina\u201d, finalizou.<\/p>\n\n\n\n<p>Fonte: A Tarde <\/p>\n","protected":false},"excerpt":{"rendered":"<p>O presidente argentino, Javier Milei, publicou essa semana mais um decreto cortando recursos para prov\u00edncias argentinas. Dessa vez, ele cancelou o Fundo de Fortalecimento Fiscal da prov\u00edncia de Buenos Aires, causando a ira do governador Axel Kicillof, que prometeu recorrer da decis\u00e3o. Em entrevista coletiva, Kicillof disse que o presidente est\u00e1 extorquindo e amea\u00e7ando as [&hellip;]<\/p>\n","protected":false},"author":2,"featured_media":8523,"comment_status":"open","ping_status":"open","sticky":false,"template":"","format":"standard","meta":{"footnotes":""},"categories":[85],"tags":[],"class_list":["post-8522","post","type-post","status-publish","format-standard","has-post-thumbnail","hentry","category-noticias"],"_links":{"self":[{"href":"https:\/\/salvadoracontece.com.br\/index.php\/wp-json\/wp\/v2\/posts\/8522","targetHints":{"allow":["GET"]}}],"collection":[{"href":"https:\/\/salvadoracontece.com.br\/index.php\/wp-json\/wp\/v2\/posts"}],"about":[{"href":"https:\/\/salvadoracontece.com.br\/index.php\/wp-json\/wp\/v2\/types\/post"}],"author":[{"embeddable":true,"href":"https:\/\/salvadoracontece.com.br\/index.php\/wp-json\/wp\/v2\/users\/2"}],"replies":[{"embeddable":true,"href":"https:\/\/salvadoracontece.com.br\/index.php\/wp-json\/wp\/v2\/comments?post=8522"}],"version-history":[{"count":1,"href":"https:\/\/salvadoracontece.com.br\/index.php\/wp-json\/wp\/v2\/posts\/8522\/revisions"}],"predecessor-version":[{"id":8524,"href":"https:\/\/salvadoracontece.com.br\/index.php\/wp-json\/wp\/v2\/posts\/8522\/revisions\/8524"}],"wp:featuredmedia":[{"embeddable":true,"href":"https:\/\/salvadoracontece.com.br\/index.php\/wp-json\/wp\/v2\/media\/8523"}],"wp:attachment":[{"href":"https:\/\/salvadoracontece.com.br\/index.php\/wp-json\/wp\/v2\/media?parent=8522"}],"wp:term":[{"taxonomy":"category","embeddable":true,"href":"https:\/\/salvadoracontece.com.br\/index.php\/wp-json\/wp\/v2\/categories?post=8522"},{"taxonomy":"post_tag","embeddable":true,"href":"https:\/\/salvadoracontece.com.br\/index.php\/wp-json\/wp\/v2\/tags?post=8522"}],"curies":[{"name":"wp","href":"https:\/\/api.w.org\/{rel}","templated":true}]}}