{"id":8525,"date":"2024-02-28T13:25:20","date_gmt":"2024-02-28T16:25:20","guid":{"rendered":"https:\/\/salvadoracontece.com.br\/?p=8525"},"modified":"2024-02-28T13:25:22","modified_gmt":"2024-02-28T16:25:22","slug":"prefeito-de-jequie-corta-verba-da-alimentacao-de-entidades-sociais","status":"publish","type":"post","link":"https:\/\/salvadoracontece.com.br\/index.php\/2024\/02\/28\/prefeito-de-jequie-corta-verba-da-alimentacao-de-entidades-sociais\/","title":{"rendered":"Prefeito de Jequi\u00e9 corta verba da alimenta\u00e7\u00e3o de entidades sociais"},"content":{"rendered":"\n<p>O prefeito de Jequi\u00e9, Z\u00e8 Coc\u00e1 (PP) cortou a verba de alimenta\u00e7\u00e3o de entidades sociais que prestam servi\u00e7os ao munic\u00edpio, entre elas a Associa\u00e7\u00e3o de Pais e Amigos dos Excepcionais (APAE). A den\u00fancia \u00e9 da vereadora Moana Meira (PSD), que tamb\u00e9m \u00e9 presidente da Federa\u00e7\u00e3o das APAES da Bahia.<\/p>\n\n\n\n<p>&#8220;J\u00e1 s\u00e3o 30 anos de dura\u00e7\u00e3o desse conv\u00e9nio com as entidades que prestam servi\u00e7os \u00e0 comunidade de Jequi\u00e9, e sempre foi respeitado pelos gestores que administraram o munic\u00edpio. \u00c9 a primeira vez que um prefeito corta a alimenta\u00e7\u00e3o das crian\u00e7as atendidas por entidades&#8221;, disse a parlamentar.<\/p>\n\n\n\n<p>Moana disse ainda a Secret\u00e1ria Municipal de Educa\u00e7\u00e3o, Elvia Sampaio, precisa visitar a APAE para conhecer o trabalho da institui\u00e7\u00e3o. A parlamentar denunciou ainda que profissionais prestadores de servi\u00e7o das institui\u00e7\u00f5es s\u00e3o retirados das atividades sem uma forma oficial por parte da prefeitura.<\/p>\n\n\n\n<p>&#8220;A gest\u00e3o n\u00e3o informa as altera\u00e7\u00f5es no corpo funcional e isso \u00e9 uma falta de respeito por parte da Secretaria Municipal de Educa\u00e7\u00e3o com as entidades locais&#8221;, finalizou Moana.<\/p>\n\n\n\n<p>A reportagem procurou a Prefeitura de Jequi\u00e9 e n\u00e3o obteve resposta ao questionamento.<\/p>\n\n\n\n<p>Fonte: A Tarde <\/p>\n","protected":false},"excerpt":{"rendered":"<p>O prefeito de Jequi\u00e9, Z\u00e8 Coc\u00e1 (PP) cortou a verba de alimenta\u00e7\u00e3o de entidades sociais que prestam servi\u00e7os ao munic\u00edpio, entre elas a Associa\u00e7\u00e3o de Pais e Amigos dos Excepcionais (APAE). A den\u00fancia \u00e9 da vereadora Moana Meira (PSD), que tamb\u00e9m \u00e9 presidente da Federa\u00e7\u00e3o das APAES da Bahia. &#8220;J\u00e1 s\u00e3o 30 anos de dura\u00e7\u00e3o [&hellip;]<\/p>\n","protected":false},"author":2,"featured_media":8526,"comment_status":"open","ping_status":"open","sticky":false,"template":"","format":"standard","meta":{"footnotes":""},"categories":[85],"tags":[],"class_list":["post-8525","post","type-post","status-publish","format-standard","has-post-thumbnail","hentry","category-noticias"],"_links":{"self":[{"href":"https:\/\/salvadoracontece.com.br\/index.php\/wp-json\/wp\/v2\/posts\/8525","targetHints":{"allow":["GET"]}}],"collection":[{"href":"https:\/\/salvadoracontece.com.br\/index.php\/wp-json\/wp\/v2\/posts"}],"about":[{"href":"https:\/\/salvadoracontece.com.br\/index.php\/wp-json\/wp\/v2\/types\/post"}],"author":[{"embeddable":true,"href":"https:\/\/salvadoracontece.com.br\/index.php\/wp-json\/wp\/v2\/users\/2"}],"replies":[{"embeddable":true,"href":"https:\/\/salvadoracontece.com.br\/index.php\/wp-json\/wp\/v2\/comments?post=8525"}],"version-history":[{"count":1,"href":"https:\/\/salvadoracontece.com.br\/index.php\/wp-json\/wp\/v2\/posts\/8525\/revisions"}],"predecessor-version":[{"id":8527,"href":"https:\/\/salvadoracontece.com.br\/index.php\/wp-json\/wp\/v2\/posts\/8525\/revisions\/8527"}],"wp:featuredmedia":[{"embeddable":true,"href":"https:\/\/salvadoracontece.com.br\/index.php\/wp-json\/wp\/v2\/media\/8526"}],"wp:attachment":[{"href":"https:\/\/salvadoracontece.com.br\/index.php\/wp-json\/wp\/v2\/media?parent=8525"}],"wp:term":[{"taxonomy":"category","embeddable":true,"href":"https:\/\/salvadoracontece.com.br\/index.php\/wp-json\/wp\/v2\/categories?post=8525"},{"taxonomy":"post_tag","embeddable":true,"href":"https:\/\/salvadoracontece.com.br\/index.php\/wp-json\/wp\/v2\/tags?post=8525"}],"curies":[{"name":"wp","href":"https:\/\/api.w.org\/{rel}","templated":true}]}}