{"id":8544,"date":"2024-02-29T10:58:53","date_gmt":"2024-02-29T13:58:53","guid":{"rendered":"https:\/\/salvadoracontece.com.br\/?p=8544"},"modified":"2024-02-29T10:58:54","modified_gmt":"2024-02-29T13:58:54","slug":"homem-baleado-no-pero-vaz-morre-em-hospital-apos-tres-dias-internado","status":"publish","type":"post","link":"https:\/\/salvadoracontece.com.br\/index.php\/2024\/02\/29\/homem-baleado-no-pero-vaz-morre-em-hospital-apos-tres-dias-internado\/","title":{"rendered":"Homem baleado no Pero Vaz morre em hospital ap\u00f3s tr\u00eas dias internado"},"content":{"rendered":"\n<p>Rodrigo da Cruz Moreira, uma das v\u00edtimas da onda de viol\u00eancia que assola o bairro do Pero Vaz, em Salvador, veio a \u00f3bito nesta quarta-feira (28). O homem foi um dos tr\u00eas baleados do bairro no \u00faltimo domingo (25) e desde ent\u00e3o estava hospitalizado.&nbsp;<\/p>\n\n\n\n<p>Os ferimentos de Rodrigo eram na perna e no f\u00eamur, locais onde ele foi antingido por bala perdida em um bar, na Rua Meireles. O homem tinha apresentado melhora dois dias ap\u00f3s sua interna\u00e7\u00e3o, mas nesta quarta obteve uma piora. Ele tinha taquicardia ventricular, e acabou falecendo com uma parada card\u00edaca.&nbsp;<\/p>\n\n\n\n<p>O crime aconteceu em um bar, local onde Rodrigo foi comprar cigarro. Ao chegar, acabou sendo vitimado por disparo de arma de fogo. O tr\u00e1gico ocorrido ser\u00e1 investigado pelo Departamento de Homic\u00eddios e de Prote\u00e7\u00e3o \u00e0 Pessoa (DHPP).\u00a0<\/p>\n\n\n\n<p>Fonte: A Varela Net <\/p>\n","protected":false},"excerpt":{"rendered":"<p>Rodrigo da Cruz Moreira, uma das v\u00edtimas da onda de viol\u00eancia que assola o bairro do Pero Vaz, em Salvador, veio a \u00f3bito nesta quarta-feira (28). O homem foi um dos tr\u00eas baleados do bairro no \u00faltimo domingo (25) e desde ent\u00e3o estava hospitalizado.&nbsp; Os ferimentos de Rodrigo eram na perna e no f\u00eamur, locais [&hellip;]<\/p>\n","protected":false},"author":2,"featured_media":8545,"comment_status":"open","ping_status":"open","sticky":false,"template":"","format":"standard","meta":{"footnotes":""},"categories":[105],"tags":[],"class_list":["post-8544","post","type-post","status-publish","format-standard","has-post-thumbnail","hentry","category-policia"],"_links":{"self":[{"href":"https:\/\/salvadoracontece.com.br\/index.php\/wp-json\/wp\/v2\/posts\/8544","targetHints":{"allow":["GET"]}}],"collection":[{"href":"https:\/\/salvadoracontece.com.br\/index.php\/wp-json\/wp\/v2\/posts"}],"about":[{"href":"https:\/\/salvadoracontece.com.br\/index.php\/wp-json\/wp\/v2\/types\/post"}],"author":[{"embeddable":true,"href":"https:\/\/salvadoracontece.com.br\/index.php\/wp-json\/wp\/v2\/users\/2"}],"replies":[{"embeddable":true,"href":"https:\/\/salvadoracontece.com.br\/index.php\/wp-json\/wp\/v2\/comments?post=8544"}],"version-history":[{"count":1,"href":"https:\/\/salvadoracontece.com.br\/index.php\/wp-json\/wp\/v2\/posts\/8544\/revisions"}],"predecessor-version":[{"id":8546,"href":"https:\/\/salvadoracontece.com.br\/index.php\/wp-json\/wp\/v2\/posts\/8544\/revisions\/8546"}],"wp:featuredmedia":[{"embeddable":true,"href":"https:\/\/salvadoracontece.com.br\/index.php\/wp-json\/wp\/v2\/media\/8545"}],"wp:attachment":[{"href":"https:\/\/salvadoracontece.com.br\/index.php\/wp-json\/wp\/v2\/media?parent=8544"}],"wp:term":[{"taxonomy":"category","embeddable":true,"href":"https:\/\/salvadoracontece.com.br\/index.php\/wp-json\/wp\/v2\/categories?post=8544"},{"taxonomy":"post_tag","embeddable":true,"href":"https:\/\/salvadoracontece.com.br\/index.php\/wp-json\/wp\/v2\/tags?post=8544"}],"curies":[{"name":"wp","href":"https:\/\/api.w.org\/{rel}","templated":true}]}}