{"id":8607,"date":"2024-03-04T11:29:45","date_gmt":"2024-03-04T14:29:45","guid":{"rendered":"https:\/\/salvadoracontece.com.br\/?p=8607"},"modified":"2024-03-04T11:29:48","modified_gmt":"2024-03-04T14:29:48","slug":"acao-salvador-contra-dengue-aplica-950-doses-da-vacina-em-um-unico-dia","status":"publish","type":"post","link":"https:\/\/salvadoracontece.com.br\/index.php\/2024\/03\/04\/acao-salvador-contra-dengue-aplica-950-doses-da-vacina-em-um-unico-dia\/","title":{"rendered":"A\u00e7\u00e3o Salvador contra dengue aplica 950 doses da vacina em um \u00fanico dia"},"content":{"rendered":"\n<p>Atrav\u00e9s da campanha Salvador Contra a Dengue, a Prefeitura aplicou 950 doses da vacina que protege contra a doen\u00e7a neste s\u00e1bado (03), entre \u00e0s 09h e 16h.&nbsp;<\/p>\n\n\n\n<p>A a\u00e7\u00e3o aconteceu atrav\u00e9s de uma parceria entre a prefeitura e shoppings da capital. Al\u00e9m dos centros comerciais, duas unidades de sa\u00fade funcionaram no modelo drive thru para realizar&nbsp; aplica\u00e7\u00e3o do imunizante.<\/p>\n\n\n\n<p>A secretaria da sa\u00fade, Ana Paula Matos, destaca a import\u00e2ncia do n\u00famero expressivo de vacinados:<\/p>\n\n\n\n<p>\u201cCada indiv\u00edduo vacinado \u00e9 motivo para comemorar. Estes 950 adolescentes que garantiram a primeira dose do imunizante deram, juntamente com seus familiares e respons\u00e1veis, exemplo de autocuidado; e esperamos que inspirem os demais garotos e garotas de 10 e 11 anos. Vamos seguir oferecendo a vacina, buscando meios para facilitar o acesso e garantir este cuidado com a popula\u00e7\u00e3o\u201d<\/p>\n\n\n\n<p>A vacina\u00e7\u00e3o contra dengue n\u00e3o funcionar\u00e1 neste domingo (03). Mas o servi\u00e7o ser\u00e1 retomando nesta segunda-feira(04).<\/p>\n\n\n\n<p>Fonte: Varela Net<\/p>\n","protected":false},"excerpt":{"rendered":"<p>Atrav\u00e9s da campanha Salvador Contra a Dengue, a Prefeitura aplicou 950 doses da vacina que protege contra a doen\u00e7a neste s\u00e1bado (03), entre \u00e0s 09h e 16h.&nbsp; A a\u00e7\u00e3o aconteceu atrav\u00e9s de uma parceria entre a prefeitura e shoppings da capital. Al\u00e9m dos centros comerciais, duas unidades de sa\u00fade funcionaram no modelo drive thru para [&hellip;]<\/p>\n","protected":false},"author":2,"featured_media":8608,"comment_status":"open","ping_status":"open","sticky":false,"template":"","format":"standard","meta":{"footnotes":""},"categories":[94],"tags":[],"class_list":["post-8607","post","type-post","status-publish","format-standard","has-post-thumbnail","hentry","category-saude-2"],"_links":{"self":[{"href":"https:\/\/salvadoracontece.com.br\/index.php\/wp-json\/wp\/v2\/posts\/8607","targetHints":{"allow":["GET"]}}],"collection":[{"href":"https:\/\/salvadoracontece.com.br\/index.php\/wp-json\/wp\/v2\/posts"}],"about":[{"href":"https:\/\/salvadoracontece.com.br\/index.php\/wp-json\/wp\/v2\/types\/post"}],"author":[{"embeddable":true,"href":"https:\/\/salvadoracontece.com.br\/index.php\/wp-json\/wp\/v2\/users\/2"}],"replies":[{"embeddable":true,"href":"https:\/\/salvadoracontece.com.br\/index.php\/wp-json\/wp\/v2\/comments?post=8607"}],"version-history":[{"count":1,"href":"https:\/\/salvadoracontece.com.br\/index.php\/wp-json\/wp\/v2\/posts\/8607\/revisions"}],"predecessor-version":[{"id":8609,"href":"https:\/\/salvadoracontece.com.br\/index.php\/wp-json\/wp\/v2\/posts\/8607\/revisions\/8609"}],"wp:featuredmedia":[{"embeddable":true,"href":"https:\/\/salvadoracontece.com.br\/index.php\/wp-json\/wp\/v2\/media\/8608"}],"wp:attachment":[{"href":"https:\/\/salvadoracontece.com.br\/index.php\/wp-json\/wp\/v2\/media?parent=8607"}],"wp:term":[{"taxonomy":"category","embeddable":true,"href":"https:\/\/salvadoracontece.com.br\/index.php\/wp-json\/wp\/v2\/categories?post=8607"},{"taxonomy":"post_tag","embeddable":true,"href":"https:\/\/salvadoracontece.com.br\/index.php\/wp-json\/wp\/v2\/tags?post=8607"}],"curies":[{"name":"wp","href":"https:\/\/api.w.org\/{rel}","templated":true}]}}