{"id":9066,"date":"2024-03-25T11:21:36","date_gmt":"2024-03-25T14:21:36","guid":{"rendered":"https:\/\/salvadoracontece.com.br\/?p=9066"},"modified":"2024-03-25T11:21:38","modified_gmt":"2024-03-25T14:21:38","slug":"comandante-geral-da-pm-da-bahia-coronel-coutinho-celebra-60-anos-em-festa-surpresa","status":"publish","type":"post","link":"https:\/\/salvadoracontece.com.br\/index.php\/2024\/03\/25\/comandante-geral-da-pm-da-bahia-coronel-coutinho-celebra-60-anos-em-festa-surpresa\/","title":{"rendered":"Comandante-Geral da PM da Bahia, Coronel Coutinho celebra 60 anos em festa surpresa"},"content":{"rendered":"\n<p>O comandante-geral da Pol\u00edcia Militar da Bahia (PMBA), Coronel Paulo Coutinho celebrou seu anivers\u00e1rio com uma festa surpresa na casa de um amigo pr\u00f3ximo. Ocupando o cargo de presidente do Conselho Nacional de Comandantes Gerais (CNCG), o aniversariante da \u00faltima quinta-feira (21) completou 60 anos.\u00a0<\/p>\n\n\n\n<p>A festa contou com a presen\u00e7a de familiares, amigos e colegas de profiss\u00e3o, que se reuniram para festejar a data e a trajet\u00f3ria de lideran\u00e7a do Coronel na institui\u00e7\u00e3o militar.\u00a0 <\/p>\n\n\n\n<p>Fonte: Bahia Not\u00edcias <\/p>\n","protected":false},"excerpt":{"rendered":"<p>O comandante-geral da Pol\u00edcia Militar da Bahia (PMBA), Coronel Paulo Coutinho celebrou seu anivers\u00e1rio com uma festa surpresa na casa de um amigo pr\u00f3ximo. Ocupando o cargo de presidente do Conselho Nacional de Comandantes Gerais (CNCG), o aniversariante da \u00faltima quinta-feira (21) completou 60 anos.\u00a0 A festa contou com a presen\u00e7a de familiares, amigos e [&hellip;]<\/p>\n","protected":false},"author":2,"featured_media":9067,"comment_status":"open","ping_status":"open","sticky":false,"template":"","format":"standard","meta":{"footnotes":""},"categories":[85],"tags":[],"class_list":["post-9066","post","type-post","status-publish","format-standard","has-post-thumbnail","hentry","category-noticias"],"_links":{"self":[{"href":"https:\/\/salvadoracontece.com.br\/index.php\/wp-json\/wp\/v2\/posts\/9066","targetHints":{"allow":["GET"]}}],"collection":[{"href":"https:\/\/salvadoracontece.com.br\/index.php\/wp-json\/wp\/v2\/posts"}],"about":[{"href":"https:\/\/salvadoracontece.com.br\/index.php\/wp-json\/wp\/v2\/types\/post"}],"author":[{"embeddable":true,"href":"https:\/\/salvadoracontece.com.br\/index.php\/wp-json\/wp\/v2\/users\/2"}],"replies":[{"embeddable":true,"href":"https:\/\/salvadoracontece.com.br\/index.php\/wp-json\/wp\/v2\/comments?post=9066"}],"version-history":[{"count":1,"href":"https:\/\/salvadoracontece.com.br\/index.php\/wp-json\/wp\/v2\/posts\/9066\/revisions"}],"predecessor-version":[{"id":9068,"href":"https:\/\/salvadoracontece.com.br\/index.php\/wp-json\/wp\/v2\/posts\/9066\/revisions\/9068"}],"wp:featuredmedia":[{"embeddable":true,"href":"https:\/\/salvadoracontece.com.br\/index.php\/wp-json\/wp\/v2\/media\/9067"}],"wp:attachment":[{"href":"https:\/\/salvadoracontece.com.br\/index.php\/wp-json\/wp\/v2\/media?parent=9066"}],"wp:term":[{"taxonomy":"category","embeddable":true,"href":"https:\/\/salvadoracontece.com.br\/index.php\/wp-json\/wp\/v2\/categories?post=9066"},{"taxonomy":"post_tag","embeddable":true,"href":"https:\/\/salvadoracontece.com.br\/index.php\/wp-json\/wp\/v2\/tags?post=9066"}],"curies":[{"name":"wp","href":"https:\/\/api.w.org\/{rel}","templated":true}]}}