{"id":9069,"date":"2024-03-25T13:10:52","date_gmt":"2024-03-25T16:10:52","guid":{"rendered":"https:\/\/salvadoracontece.com.br\/?p=9069"},"modified":"2024-03-25T13:10:54","modified_gmt":"2024-03-25T16:10:54","slug":"mais-de-180-cidades-baianas-serao-beneficiadas-com-novas-ambulancias","status":"publish","type":"post","link":"https:\/\/salvadoracontece.com.br\/index.php\/2024\/03\/25\/mais-de-180-cidades-baianas-serao-beneficiadas-com-novas-ambulancias\/","title":{"rendered":"Mais de 180 cidades baianas ser\u00e3o beneficiadas com novas ambul\u00e2ncias"},"content":{"rendered":"\n<p>O Governo do Estado entregou, na manh\u00e3 desta segunda-feira, 25, 23 novas ambul\u00e2ncias. O ato foi conduzido pelo governador Jer\u00f4nimo Rodrigues e pela secret\u00e1ria de sa\u00fade Roberta Santana, e marcou tamb\u00e9m a entrega de 402 entre kits com aparelhos de sa\u00fade.<\/p>\n\n\n\n<p>No total, foram aplicados mais de R$ 28,9 milh\u00f5es para fortalecer a assist\u00eancia b\u00e1sica em sa\u00fade prestada pelas prefeituras de mais de 180 munic\u00edpios baianos. O ato de entrega ocorreu no Parque de Exposi\u00e7\u00f5es de Salvador, na presen\u00e7a de diversas autoridades.<\/p>\n\n\n\n<p>\u201cA sa\u00fade, o tratamento, n\u00e3o come\u00e7am na \u00faltima inst\u00e2ncia de uma situa\u00e7\u00e3o, por mais grave que seja. Ela passa pelas m\u00e3os das secretarias municipais de sa\u00fade. \u00c9 fundamental que a gente possa construir esse sistema de sa\u00fade bem fortalecido\u201d, destacou o governador, ao refor\u00e7ar a import\u00e2ncia de investir em sa\u00fade dos munic\u00edpios e, em seguida, afirmar que novas entregas ser\u00e3o feitas.<\/p>\n\n\n\n<p>O investimento total para o refor\u00e7o da frota de ambul\u00e2ncias de quase R$ 6,2 milh\u00f5es. A capital recebe dois novos ve\u00edculos modelo Toyota Hillux, al\u00e9m de cidades como Abar\u00e9, Nilo Pe\u00e7anha, Sento S\u00e9, El\u00edsio Medrado e Igrapi\u00fana. J\u00e1 os aparelhos de sa\u00fade somam mais de R$ 22,7 milh\u00f5es.\u00a0<\/p>\n\n\n\n<p>Fonte: A Tarde<\/p>\n","protected":false},"excerpt":{"rendered":"<p>O Governo do Estado entregou, na manh\u00e3 desta segunda-feira, 25, 23 novas ambul\u00e2ncias. O ato foi conduzido pelo governador Jer\u00f4nimo Rodrigues e pela secret\u00e1ria de sa\u00fade Roberta Santana, e marcou tamb\u00e9m a entrega de 402 entre kits com aparelhos de sa\u00fade. No total, foram aplicados mais de R$ 28,9 milh\u00f5es para fortalecer a assist\u00eancia b\u00e1sica [&hellip;]<\/p>\n","protected":false},"author":2,"featured_media":9070,"comment_status":"open","ping_status":"open","sticky":false,"template":"","format":"standard","meta":{"footnotes":""},"categories":[91],"tags":[],"class_list":["post-9069","post","type-post","status-publish","format-standard","has-post-thumbnail","hentry","category-politica"],"_links":{"self":[{"href":"https:\/\/salvadoracontece.com.br\/index.php\/wp-json\/wp\/v2\/posts\/9069","targetHints":{"allow":["GET"]}}],"collection":[{"href":"https:\/\/salvadoracontece.com.br\/index.php\/wp-json\/wp\/v2\/posts"}],"about":[{"href":"https:\/\/salvadoracontece.com.br\/index.php\/wp-json\/wp\/v2\/types\/post"}],"author":[{"embeddable":true,"href":"https:\/\/salvadoracontece.com.br\/index.php\/wp-json\/wp\/v2\/users\/2"}],"replies":[{"embeddable":true,"href":"https:\/\/salvadoracontece.com.br\/index.php\/wp-json\/wp\/v2\/comments?post=9069"}],"version-history":[{"count":1,"href":"https:\/\/salvadoracontece.com.br\/index.php\/wp-json\/wp\/v2\/posts\/9069\/revisions"}],"predecessor-version":[{"id":9071,"href":"https:\/\/salvadoracontece.com.br\/index.php\/wp-json\/wp\/v2\/posts\/9069\/revisions\/9071"}],"wp:featuredmedia":[{"embeddable":true,"href":"https:\/\/salvadoracontece.com.br\/index.php\/wp-json\/wp\/v2\/media\/9070"}],"wp:attachment":[{"href":"https:\/\/salvadoracontece.com.br\/index.php\/wp-json\/wp\/v2\/media?parent=9069"}],"wp:term":[{"taxonomy":"category","embeddable":true,"href":"https:\/\/salvadoracontece.com.br\/index.php\/wp-json\/wp\/v2\/categories?post=9069"},{"taxonomy":"post_tag","embeddable":true,"href":"https:\/\/salvadoracontece.com.br\/index.php\/wp-json\/wp\/v2\/tags?post=9069"}],"curies":[{"name":"wp","href":"https:\/\/api.w.org\/{rel}","templated":true}]}}