{"id":9072,"date":"2024-03-25T13:16:48","date_gmt":"2024-03-25T16:16:48","guid":{"rendered":"https:\/\/salvadoracontece.com.br\/?p=9072"},"modified":"2024-03-25T13:16:50","modified_gmt":"2024-03-25T16:16:50","slug":"assassinato-de-sara-freitas-comeca-a-ser-julgado-nesta-terca-feira","status":"publish","type":"post","link":"https:\/\/salvadoracontece.com.br\/index.php\/2024\/03\/25\/assassinato-de-sara-freitas-comeca-a-ser-julgado-nesta-terca-feira\/","title":{"rendered":"Assassinato de Sara Freitas come\u00e7a a ser julgado nesta ter\u00e7a-feira"},"content":{"rendered":"\n<p>O primeiro dia da audi\u00eancia de instru\u00e7\u00e3o do feminic\u00eddio que teve como v\u00edtima a cantora gospel Sara Freitas acontece nesta ter\u00e7a-feira, 26, \u00e0s 9h, no F\u00f3rum Criminal de Dias D&#8217;\u00c1vila, na Regi\u00e3o Metropolitana de Salvador.\u00a0No banco dos r\u00e9us\u00a0estar\u00e3o Ederlan Santos Mariano, companheiro de Sara e apontado pela pol\u00edcia como mandante; Weslen Pablo Correia de Jesus, conhecido como Bispo Zadoque; Gide\u00e3o Duarte de Lima e Victor Gabriel Oliveira Neves. <\/p>\n\n\n\n<p>De acordo com a den\u00fancia do Minist\u00e9rio P\u00fablico da Bahia (MPBA), o assassinado foi cometido por motivo torpe, meio cruel e sem possibilidade de defesa da v\u00edtima, al\u00e9m de oculta\u00e7\u00e3o de cad\u00e1ver e associa\u00e7\u00e3o criminosa. Os quatro r\u00e9us est\u00e3o presos preventivamente.<\/p>\n\n\n\n<p>Para melhor organiza\u00e7\u00e3o processual, a Vara Criminal de Dias D&#8217;\u00c1vila desmembrou a audi\u00eancia de instru\u00e7\u00e3o para oitivas de testemunhas em duas datas. Nesta ter\u00e7a-feira, 26, oito testemunhas de acusa\u00e7\u00e3o ser\u00e3o ouvidas. J\u00e1 no dia 16 de abril ser\u00e3o ouvidas as testemunhas de defesa.<\/p>\n\n\n\n<p>Nesta primeira fase, a audi\u00eancia ocorrer\u00e1 de forma h\u00edbrida, ou seja, por meio virtual e presencial.<\/p>\n\n\n\n<p><strong>Den\u00fancia&nbsp;<\/strong><\/p>\n\n\n\n<p>Segundo a den\u00fancia, o crime, cometido no dia 24 de outubro de 2023, por Zadoque, Victor e Gide\u00e3o, a mando de Ederlan, tinha o objetivo de \u201cse apoderar da imagem p\u00fablica de Sara Freitas, fazendo uso de toda a estrutura j\u00e1 montada em torno dela, para lan\u00e7ar a carreira de Victor, com o que todos lucrariam futuramente\u201d, descartando a suspeita inicial de que o crime teria sido motivado por ci\u00fame.Sara Freitas era casada com Ederlan, que tamb\u00e9m gerenciava sua carreira.<br><br>No dia do crime, Sara foi informada de que faria uma apresenta\u00e7\u00e3o musical num evento evang\u00e9lico. Ela foi levada por Gide\u00e3o, que era seu motorista, para a BA 093, onde Victor e Zadoque esperavam a v\u00edtima. Ela foi morta e teve o corpo abandonado num terreno baldio \u00e0s margens da rodovia. Ederlan, \u201cpara dissimular sua participa\u00e7\u00e3o no crime\u201d, chegou a procurar a pol\u00edcia e registrar o desaparecimento de sua esposa.<\/p>\n\n\n\n<p>Com base nas informa\u00e7\u00f5es e provas contidas nos autos, a den\u00fancia afirma que Ederlan seria o principal interessado e mentor da morte de sua esposa, \u201ctendo planejado e controlado as a\u00e7\u00f5es dos demais denunciados\u201d. As investiga\u00e7\u00f5es revelaram que Ederlan havia pago R$ 2 mil para Zadoque, Victor e Gide\u00e3o, e repassaria ainda cerca de R$ 15 mil, quando as economias de Sara fossem encontradas.<br><br>De acordo com a den\u00fancia, havia tamb\u00e9m a promessa de recompensa, \u201cque seria o sucesso e fama art\u00edstica, pois os denunciados eram pregadores, produtores, cantores e m\u00fasicos com intensa penetra\u00e7\u00e3o nas redes sociais\u201d e contavam com a promessa de Ederlan de disponibilizar as ferramentas digitais de seu est\u00fadio para promo\u00e7\u00f5es das carreiras art\u00edsticas dos executores da morte de Sara.<\/p>\n\n\n\n<p>Fonte: A Tarde <\/p>\n","protected":false},"excerpt":{"rendered":"<p>O primeiro dia da audi\u00eancia de instru\u00e7\u00e3o do feminic\u00eddio que teve como v\u00edtima a cantora gospel Sara Freitas acontece nesta ter\u00e7a-feira, 26, \u00e0s 9h, no F\u00f3rum Criminal de Dias D&#8217;\u00c1vila, na Regi\u00e3o Metropolitana de Salvador.\u00a0No banco dos r\u00e9us\u00a0estar\u00e3o Ederlan Santos Mariano, companheiro de Sara e apontado pela pol\u00edcia como mandante; Weslen Pablo Correia de Jesus, [&hellip;]<\/p>\n","protected":false},"author":2,"featured_media":9073,"comment_status":"open","ping_status":"open","sticky":false,"template":"","format":"standard","meta":{"footnotes":""},"categories":[85],"tags":[],"class_list":["post-9072","post","type-post","status-publish","format-standard","has-post-thumbnail","hentry","category-noticias"],"_links":{"self":[{"href":"https:\/\/salvadoracontece.com.br\/index.php\/wp-json\/wp\/v2\/posts\/9072","targetHints":{"allow":["GET"]}}],"collection":[{"href":"https:\/\/salvadoracontece.com.br\/index.php\/wp-json\/wp\/v2\/posts"}],"about":[{"href":"https:\/\/salvadoracontece.com.br\/index.php\/wp-json\/wp\/v2\/types\/post"}],"author":[{"embeddable":true,"href":"https:\/\/salvadoracontece.com.br\/index.php\/wp-json\/wp\/v2\/users\/2"}],"replies":[{"embeddable":true,"href":"https:\/\/salvadoracontece.com.br\/index.php\/wp-json\/wp\/v2\/comments?post=9072"}],"version-history":[{"count":1,"href":"https:\/\/salvadoracontece.com.br\/index.php\/wp-json\/wp\/v2\/posts\/9072\/revisions"}],"predecessor-version":[{"id":9074,"href":"https:\/\/salvadoracontece.com.br\/index.php\/wp-json\/wp\/v2\/posts\/9072\/revisions\/9074"}],"wp:featuredmedia":[{"embeddable":true,"href":"https:\/\/salvadoracontece.com.br\/index.php\/wp-json\/wp\/v2\/media\/9073"}],"wp:attachment":[{"href":"https:\/\/salvadoracontece.com.br\/index.php\/wp-json\/wp\/v2\/media?parent=9072"}],"wp:term":[{"taxonomy":"category","embeddable":true,"href":"https:\/\/salvadoracontece.com.br\/index.php\/wp-json\/wp\/v2\/categories?post=9072"},{"taxonomy":"post_tag","embeddable":true,"href":"https:\/\/salvadoracontece.com.br\/index.php\/wp-json\/wp\/v2\/tags?post=9072"}],"curies":[{"name":"wp","href":"https:\/\/api.w.org\/{rel}","templated":true}]}}