{"id":9078,"date":"2024-03-25T14:06:13","date_gmt":"2024-03-25T17:06:13","guid":{"rendered":"https:\/\/salvadoracontece.com.br\/?p=9078"},"modified":"2024-03-25T14:06:15","modified_gmt":"2024-03-25T17:06:15","slug":"vinicius-junior-chora-ao-lembrar-acoes-antirracistas-muito-triste","status":"publish","type":"post","link":"https:\/\/salvadoracontece.com.br\/index.php\/2024\/03\/25\/vinicius-junior-chora-ao-lembrar-acoes-antirracistas-muito-triste\/","title":{"rendered":"Vin\u00edcius J\u00fanior chora ao lembrar a\u00e7\u00f5es antirracistas: &#8220;muito triste&#8221;"},"content":{"rendered":"\n<p>Um dos principais jogadores do Real Madrid, Vin\u00edcius Junior vai entrar em campo no Santiago Bernab\u00e9u nesta ter\u00e7a-feira, 26, pela Sele\u00e7\u00e3o Brasileira, em amistoso contra a Espanha. O atacante concedeu entrevista coletiva nesta segunda, 25, e se emocionou ao relatar sua luta di\u00e1ria contra o racismo no futebol espanhol.<\/p>\n\n\n\n<p>\u201c\u00c9 cada vez mais triste. Cada vez eu tenho menos vontade de jogar. Acredito que seja muito triste tudo que eu venho passando a cada jogo, a cada dia, a cada den\u00fancia vai aumentando. \u00c9 muito triste, n\u00e3o s\u00f3 eu, mas todos os negros que sofrem no dia a dia. O racismo verbal \u00e9 minoria perto de tudo que os negros passam no mundo\u201d, desabafou Vini.<\/p>\n\n\n\n<p>O brasileiro, que al\u00e9m de se destacar dentro de campo tamb\u00e9m \u00e9 refer\u00eancia na luta contra o racismo, citou a dificuldade de seu pai e refor\u00e7ou que quer deixar um mundo melhor para seu irm\u00e3o, de apenas cinco anos.<\/p>\n\n\n\n<p>\u201cMeu pai sempre teve dificuldade por ser negro. Entre ele e um branco, sempre v\u00e3o escolher um branco. Tenho lutado bastante por tudo que tem acontecido comigo. \u00c9 desgastante por estar meio sozinho. J\u00e1 fiz tantas den\u00fancias e ningu\u00e9m \u00e9 punido, nenhum clube \u00e9 punido. A cada dia, luto por todos que passam por isso. Se fosse s\u00f3 por mim e pela fam\u00edlia, n\u00e3o sei se continuaria. Mas fui escolhido para defender uma causa bem importante e que eu estudo a cada dia para que no futuro meu irm\u00e3o de cinco anos n\u00e3o passe pelo que estou passando\u201d, contou o jogador.<\/p>\n\n\n\n<p>Vini Jr. tamb\u00e9m contou de onde tira for\u00e7as para enfrentar essas dificuldades e tamb\u00e9m como lida com a falta de puni\u00e7\u00e3o para as pessoas que cometem o crime.<\/p>\n\n\n\n<p>\u201cAcredito que por todas as pessoas que torcem por mim, me acompanham e me mandam cada vez mais mensagens, vou seguir lutando por eles. Hoje tenho uma for\u00e7a grande dentro de mim, da minha casa, da minha fam\u00edlia, eles me apoiam em tudo o que vou fazer. Nem todos t\u00eam esse apoio, podem vir aqui falar por tantas pessoas. Eu quero seguir por eles, por todas pessoas que sabem o que passo e passei e que sabem que \u00e9 muito dif\u00edcil\u2019, afirmou.<\/p>\n\n\n\n<p>\u201cSe a gente come\u00e7ar a punir todas essas pessoas que cometem crime e aqui eles n\u00e3o consideram crime, vamos come\u00e7ar a evoluir, tudo vai ficar melhor para todo mundo. Fa\u00e7o tantas den\u00fancias, muitas vezes chegam cartas para fazerem mais den\u00fancias, mas no final acontece como aconteceu com meu amigo em Barcelona, eles arquivam o processo e ningu\u00e9m sabe de nada. Se a gente come\u00e7ar a punir essas pessoas, n\u00e3o que eles v\u00e3o mudar o pensamento, mas v\u00e3o ficar com medo de falar, seja no est\u00e1dio, onde tem c\u00e2meras&#8230; e assim vamos diminuir isso, colocar medo naquelas pessoas. E que eles possam tamb\u00e9m educar seus filhos. Muitas vezes aqui tem crian\u00e7a me xingando e eu n\u00e3o culpo a crian\u00e7a, porque eles n\u00e3o entendem, eu na idade deles n\u00e3o entendia o racismo. \u00c9 complicado\u201d, complementou.<\/p>\n\n\n\n<p>O amistoso entre Espanha e Brasil est\u00e1 marcado para as 17h30 desta ter\u00e7a-feira, 26, no Santiago Bernab\u00e9u, em Madrid.<\/p>\n\n\n\n<p>Fonte: A Tarde<\/p>\n","protected":false},"excerpt":{"rendered":"<p>Um dos principais jogadores do Real Madrid, Vin\u00edcius Junior vai entrar em campo no Santiago Bernab\u00e9u nesta ter\u00e7a-feira, 26, pela Sele\u00e7\u00e3o Brasileira, em amistoso contra a Espanha. O atacante concedeu entrevista coletiva nesta segunda, 25, e se emocionou ao relatar sua luta di\u00e1ria contra o racismo no futebol espanhol. \u201c\u00c9 cada vez mais triste. Cada [&hellip;]<\/p>\n","protected":false},"author":2,"featured_media":9079,"comment_status":"open","ping_status":"open","sticky":false,"template":"","format":"standard","meta":{"footnotes":""},"categories":[89],"tags":[],"class_list":["post-9078","post","type-post","status-publish","format-standard","has-post-thumbnail","hentry","category-esportes"],"_links":{"self":[{"href":"https:\/\/salvadoracontece.com.br\/index.php\/wp-json\/wp\/v2\/posts\/9078","targetHints":{"allow":["GET"]}}],"collection":[{"href":"https:\/\/salvadoracontece.com.br\/index.php\/wp-json\/wp\/v2\/posts"}],"about":[{"href":"https:\/\/salvadoracontece.com.br\/index.php\/wp-json\/wp\/v2\/types\/post"}],"author":[{"embeddable":true,"href":"https:\/\/salvadoracontece.com.br\/index.php\/wp-json\/wp\/v2\/users\/2"}],"replies":[{"embeddable":true,"href":"https:\/\/salvadoracontece.com.br\/index.php\/wp-json\/wp\/v2\/comments?post=9078"}],"version-history":[{"count":1,"href":"https:\/\/salvadoracontece.com.br\/index.php\/wp-json\/wp\/v2\/posts\/9078\/revisions"}],"predecessor-version":[{"id":9080,"href":"https:\/\/salvadoracontece.com.br\/index.php\/wp-json\/wp\/v2\/posts\/9078\/revisions\/9080"}],"wp:featuredmedia":[{"embeddable":true,"href":"https:\/\/salvadoracontece.com.br\/index.php\/wp-json\/wp\/v2\/media\/9079"}],"wp:attachment":[{"href":"https:\/\/salvadoracontece.com.br\/index.php\/wp-json\/wp\/v2\/media?parent=9078"}],"wp:term":[{"taxonomy":"category","embeddable":true,"href":"https:\/\/salvadoracontece.com.br\/index.php\/wp-json\/wp\/v2\/categories?post=9078"},{"taxonomy":"post_tag","embeddable":true,"href":"https:\/\/salvadoracontece.com.br\/index.php\/wp-json\/wp\/v2\/tags?post=9078"}],"curies":[{"name":"wp","href":"https:\/\/api.w.org\/{rel}","templated":true}]}}