{"id":9096,"date":"2024-03-26T11:10:03","date_gmt":"2024-03-26T14:10:03","guid":{"rendered":"https:\/\/salvadoracontece.com.br\/?p=9096"},"modified":"2024-03-26T11:10:05","modified_gmt":"2024-03-26T14:10:05","slug":"tres-pessoas-foram-mortas-a-tiros-numa-mesma-casa-em-feira-de-santana","status":"publish","type":"post","link":"https:\/\/salvadoracontece.com.br\/index.php\/2024\/03\/26\/tres-pessoas-foram-mortas-a-tiros-numa-mesma-casa-em-feira-de-santana\/","title":{"rendered":"Tr\u00eas pessoas foram mortas a tiros numa mesma casa em Feira de Santana"},"content":{"rendered":"\n<p>Tr\u00eas mulheres foram encontradas mortas com marcas de tiros no banheiro de um apartamento na localidade conhecida como Estrada do Alecrim, no bairro Avi\u00e1rio, em Feira de Santana, na madrugada desta ter\u00e7a-feira(26).<\/p>\n\n\n\n<p>De acordo com a Pol\u00edcia Militar, agentes da 65\u00aa CIPM foram acionados para uma ocorr\u00eancia de tr\u00eas mulheres atingidas por disparos de arma no bairro Avi\u00e1rio. Ao chegarem, as guarni\u00e7\u00f5es constataram que as v\u00edtimas n\u00e3o resistiram aos ferimentos e morreram no local, que foi isolado para a realiza\u00e7\u00e3o de per\u00edcia pelo Departamento de Per\u00edcia T\u00e9cnica.<\/p>\n\n\n\n<p>De acordo com a Pol\u00edcia Civil, as v\u00edtimas foram identificadas como &nbsp;Jaqueline Cruz de Jesus, de 29 anos, Ana Beatriz dos Santos dos Santos, de 19, e Sara Vict\u00f3ria Brito Salom\u00e3o, 15.<\/p>\n\n\n\n<p>As mulheres tinham acabado de chegar quando um grupo de homens armados invadiram a resid\u00eancia e efetuaram os disparos, as v\u00edtimas foram atingidas na cabe\u00e7a e no bra\u00e7o. Duas crian\u00e7as estavam no local, uma de nove meses e outra de dois anos, &nbsp;filhas de Sara e Jaqueline.<\/p>\n\n\n\n<p>Dois celulares foram apreendidos no apartamento para realiza\u00e7\u00e3o de per\u00edcia. A autoria e motiva\u00e7\u00e3o do triplo homic\u00eddio ser\u00e3o investigadas pela Delegacia de Homic\u00eddios (DH) de Feira de Santana. \u00a0<\/p>\n\n\n\n<p>Fonte: Varela Net<\/p>\n","protected":false},"excerpt":{"rendered":"<p>Tr\u00eas mulheres foram encontradas mortas com marcas de tiros no banheiro de um apartamento na localidade conhecida como Estrada do Alecrim, no bairro Avi\u00e1rio, em Feira de Santana, na madrugada desta ter\u00e7a-feira(26). De acordo com a Pol\u00edcia Militar, agentes da 65\u00aa CIPM foram acionados para uma ocorr\u00eancia de tr\u00eas mulheres atingidas por disparos de arma [&hellip;]<\/p>\n","protected":false},"author":2,"featured_media":9097,"comment_status":"open","ping_status":"open","sticky":false,"template":"","format":"standard","meta":{"footnotes":""},"categories":[105],"tags":[],"class_list":["post-9096","post","type-post","status-publish","format-standard","has-post-thumbnail","hentry","category-policia"],"_links":{"self":[{"href":"https:\/\/salvadoracontece.com.br\/index.php\/wp-json\/wp\/v2\/posts\/9096","targetHints":{"allow":["GET"]}}],"collection":[{"href":"https:\/\/salvadoracontece.com.br\/index.php\/wp-json\/wp\/v2\/posts"}],"about":[{"href":"https:\/\/salvadoracontece.com.br\/index.php\/wp-json\/wp\/v2\/types\/post"}],"author":[{"embeddable":true,"href":"https:\/\/salvadoracontece.com.br\/index.php\/wp-json\/wp\/v2\/users\/2"}],"replies":[{"embeddable":true,"href":"https:\/\/salvadoracontece.com.br\/index.php\/wp-json\/wp\/v2\/comments?post=9096"}],"version-history":[{"count":1,"href":"https:\/\/salvadoracontece.com.br\/index.php\/wp-json\/wp\/v2\/posts\/9096\/revisions"}],"predecessor-version":[{"id":9098,"href":"https:\/\/salvadoracontece.com.br\/index.php\/wp-json\/wp\/v2\/posts\/9096\/revisions\/9098"}],"wp:featuredmedia":[{"embeddable":true,"href":"https:\/\/salvadoracontece.com.br\/index.php\/wp-json\/wp\/v2\/media\/9097"}],"wp:attachment":[{"href":"https:\/\/salvadoracontece.com.br\/index.php\/wp-json\/wp\/v2\/media?parent=9096"}],"wp:term":[{"taxonomy":"category","embeddable":true,"href":"https:\/\/salvadoracontece.com.br\/index.php\/wp-json\/wp\/v2\/categories?post=9096"},{"taxonomy":"post_tag","embeddable":true,"href":"https:\/\/salvadoracontece.com.br\/index.php\/wp-json\/wp\/v2\/tags?post=9096"}],"curies":[{"name":"wp","href":"https:\/\/api.w.org\/{rel}","templated":true}]}}