{"id":9118,"date":"2024-03-27T12:00:44","date_gmt":"2024-03-27T15:00:44","guid":{"rendered":"https:\/\/salvadoracontece.com.br\/?p=9118"},"modified":"2024-03-27T12:00:46","modified_gmt":"2024-03-27T15:00:46","slug":"prefeitura-anuncia-reconstrucao-da-escola-municipal-do-calabetao","status":"publish","type":"post","link":"https:\/\/salvadoracontece.com.br\/index.php\/2024\/03\/27\/prefeitura-anuncia-reconstrucao-da-escola-municipal-do-calabetao\/","title":{"rendered":"Prefeitura anuncia reconstru\u00e7\u00e3o da Escola Municipal do Calabet\u00e3o"},"content":{"rendered":"\n<p>A Prefeitura de Salvador atrav\u00e9s da Secretaria Municipal de Educa\u00e7\u00e3o (SMED), iniciou nesta ter\u00e7a-feira (as obras de demoli\u00e7\u00e3o e reconstru\u00e7\u00e3o da Escola Municipal do Calabet\u00e3o. O prefeito Bruno Reis assinou a ordem de servi\u00e7o juntamente com o secret\u00e1rio Thiago Dantas.&nbsp;<\/p>\n\n\n\n<p>Em entrevista ao Varela Net, Bruno Reis destacou mais um investimento&nbsp;na educa\u00e7\u00e3o em sua gest\u00e3o.<\/p>\n\n\n\n<p><em>&#8220;J\u00e1 entregamos 25 novas escolas, vamos entregar 26, dia 16 agora, a maior da rede municipal l\u00e1 no S\u00e3o Marcos e vamos chegar ao final do nosso mandato, final desse ano, por 50 novas escolas de alto padr\u00e3o entregues em nossa cidade. Escolas que, inclusive, algumas t\u00eam piscina, n\u00e9, que \u00e9 a nova realidade de educa\u00e7\u00e3o que n\u00f3s estamos oferecendo, somado a todo esfor\u00e7o que a gente faz na educa\u00e7\u00e3o, no material pedag\u00f3gico, no material did\u00e1tico, na valoriza\u00e7\u00e3o dos professores, dos trabalhadores da educa\u00e7\u00e3o, no envolvimento da fam\u00edlia, a gente est\u00e1 avan\u00e7ando para oferecer uma educa\u00e7\u00e3o com a qualidade cada vez maior.&#8221;&nbsp;<\/em>pontuou o prefeito.<\/p>\n\n\n\n<p>O Secret\u00e1rio de Educa\u00e7\u00e3o, Thiago Dantas, tamb\u00e9m falou sobre as obras.<\/p>\n\n\n\n<p><em>&#8220;A gente v\u00ea aqui a escola com a estrutura que estava, como o prefeito disse, uma estrutura que n\u00e3o estava mais condizente com o padr\u00e3o que a prefeitura quer para as suas escolas e hoje, antes da in\u00edcio aqui, \u00e9 um grande sonho, um sonho que vai impactar a vida de 1.200 alunos, era uma escola que tinha 6 salas e abrigava aproximadamente 250 alunos, agora ela tem a capacidade de atingir at\u00e9 1.200 alunos, assinou o padr\u00e3o de qualidade alt\u00edssimo, com salas climatizadas, com salas de atendimento educacional especializado, com audit\u00f3rio, com os laborat\u00f3rios de ci\u00eancia, matem\u00e1tica, enfim, com tudo que tem de melhor em termos de infraestrutura escolar e agora \u00e9 isso, tocar a obra ano que vem, de come\u00e7o aqui, com a escola sendo entregue para a comunidade e vai ser um grande ganho aqui para a turma do Calabet\u00e3o.&#8221;&nbsp;<\/em>afirmou o Secret\u00e1rio.<\/p>\n\n\n\n<p><strong>Estrutura da escola<\/strong><\/p>\n\n\n\n<p>Com investimento de cerca de R$ 14 milh\u00f5es, a unidade de ensino passar\u00e1 de seis para 18 salas de aula climatizadas, ampliando um n\u00famero de\u00a01 mil novas vagas, saltando das atuais 236 para 1.260. A nova escola, ter\u00e1 mais de 3 mil m\u00b2 de \u00e1rea constru\u00edda, e tamb\u00e9m vai\u00a0contar com diversas melhorias, como quadra poliesportiva com vesti\u00e1rios, audit\u00f3rio para 118 pessoas, laborat\u00f3rio de Ci\u00eancias\/Matem\u00e1tica, sala de dan\u00e7a, sala para Atendimento Educacional Especializado (AEE), recreio coberto e descoberto, sala de professores, refeit\u00f3rio, sistema de capta\u00e7\u00e3o de energia solar e reutiliza\u00e7\u00e3o de \u00e1gua pluvial.<\/p>\n\n\n\n<p>Fonte: Varela Net<\/p>\n","protected":false},"excerpt":{"rendered":"<p>A Prefeitura de Salvador atrav\u00e9s da Secretaria Municipal de Educa\u00e7\u00e3o (SMED), iniciou nesta ter\u00e7a-feira (as obras de demoli\u00e7\u00e3o e reconstru\u00e7\u00e3o da Escola Municipal do Calabet\u00e3o. O prefeito Bruno Reis assinou a ordem de servi\u00e7o juntamente com o secret\u00e1rio Thiago Dantas.&nbsp; Em entrevista ao Varela Net, Bruno Reis destacou mais um investimento&nbsp;na educa\u00e7\u00e3o em sua gest\u00e3o. [&hellip;]<\/p>\n","protected":false},"author":2,"featured_media":9119,"comment_status":"open","ping_status":"open","sticky":false,"template":"","format":"standard","meta":{"footnotes":""},"categories":[85,91],"tags":[],"class_list":["post-9118","post","type-post","status-publish","format-standard","has-post-thumbnail","hentry","category-noticias","category-politica"],"_links":{"self":[{"href":"https:\/\/salvadoracontece.com.br\/index.php\/wp-json\/wp\/v2\/posts\/9118","targetHints":{"allow":["GET"]}}],"collection":[{"href":"https:\/\/salvadoracontece.com.br\/index.php\/wp-json\/wp\/v2\/posts"}],"about":[{"href":"https:\/\/salvadoracontece.com.br\/index.php\/wp-json\/wp\/v2\/types\/post"}],"author":[{"embeddable":true,"href":"https:\/\/salvadoracontece.com.br\/index.php\/wp-json\/wp\/v2\/users\/2"}],"replies":[{"embeddable":true,"href":"https:\/\/salvadoracontece.com.br\/index.php\/wp-json\/wp\/v2\/comments?post=9118"}],"version-history":[{"count":1,"href":"https:\/\/salvadoracontece.com.br\/index.php\/wp-json\/wp\/v2\/posts\/9118\/revisions"}],"predecessor-version":[{"id":9120,"href":"https:\/\/salvadoracontece.com.br\/index.php\/wp-json\/wp\/v2\/posts\/9118\/revisions\/9120"}],"wp:featuredmedia":[{"embeddable":true,"href":"https:\/\/salvadoracontece.com.br\/index.php\/wp-json\/wp\/v2\/media\/9119"}],"wp:attachment":[{"href":"https:\/\/salvadoracontece.com.br\/index.php\/wp-json\/wp\/v2\/media?parent=9118"}],"wp:term":[{"taxonomy":"category","embeddable":true,"href":"https:\/\/salvadoracontece.com.br\/index.php\/wp-json\/wp\/v2\/categories?post=9118"},{"taxonomy":"post_tag","embeddable":true,"href":"https:\/\/salvadoracontece.com.br\/index.php\/wp-json\/wp\/v2\/tags?post=9118"}],"curies":[{"name":"wp","href":"https:\/\/api.w.org\/{rel}","templated":true}]}}