{"id":9121,"date":"2024-03-27T13:09:40","date_gmt":"2024-03-27T16:09:40","guid":{"rendered":"https:\/\/salvadoracontece.com.br\/?p=9121"},"modified":"2024-03-27T13:09:41","modified_gmt":"2024-03-27T16:09:41","slug":"pm-suspeito-por-morte-de-gerente-de-mercado-foge-de-prisao","status":"publish","type":"post","link":"https:\/\/salvadoracontece.com.br\/index.php\/2024\/03\/27\/pm-suspeito-por-morte-de-gerente-de-mercado-foge-de-prisao\/","title":{"rendered":"PM suspeito por morte de gerente de mercado foge de pris\u00e3o"},"content":{"rendered":"\n<p>O soldado da Pol\u00edcia Militar Diego Kollucha Santos Vasconcelos, que estava preso no Batalh\u00e3o de Choque da PM, em Lauro de Freitas, e foi alvo da \u2018Opera\u00e7\u00e3o Sangue Frio&#8217;,\u00a0deflagrada na manh\u00e3 desta quarta-feira, 27, fugiu da unidade pouco antes do cumprimento do novo mandado de pris\u00e3o em seu desfavor. <\/p>\n\n\n\n<p>O PM estava preso na unidade militar desde outubro do ano passado sob a suspeita de pr\u00e1tica de mil\u00edcia e assassinato de duas pessoas em Feira de Santana. Desta vez, ele foi apontado como respons\u00e1vel pelo homic\u00eddio qualificado de\u00a0Juliana de Jesus Ribeiro, cometido no dia 25 de maio de 2023, em Saubara.<\/p>\n\n\n\n<p>Em nota, Minist\u00e9rio P\u00fablico confirmou a fuga do suspeito da Coordenadoria de Cust\u00f3dia Provis\u00f3ria (CCP) e informou que &#8220;cumpriu os mandados da opera\u00e7\u00e3o &#8216;Sangue Frio&#8217;. Neste momento,\u00a0 o MP est\u00e1 trabalhando junto com as for\u00e7as de Seguran\u00e7a P\u00fablica do Estado para localizar o policial militar e est\u00e1 confiante de que ele ser\u00e1 recapturado nas pr\u00f3ximas horas&#8221;. <\/p>\n\n\n\n<p>J\u00e1 a Pol\u00edcia Militar disse que &#8220;durante a revista das celas, o soldado e outros custodiados foram transferidos para uma quadra\/sol\u00e1rio da unidade, momento em que ele conseguiu escapar. Informa\u00e7\u00f5es preliminares indicam que o fugitivo se feriu ao pular do muro&#8221;.&nbsp;<\/p>\n\n\n\n<p>A opera\u00e7\u00e3o desta manh\u00e3 foi cordenada pelo Grupo de Atua\u00e7\u00e3o Especial de Combate \u00e0s Organiza\u00e7\u00f5es Criminosas (GAECO) do Minist\u00e9rio P\u00fablico e pela Secretaria de Seguran\u00e7a P\u00fablica, por meio da For\u00e7a Correicional Especial Integrada da Corregedoria Geral (Force).<\/p>\n\n\n\n<p>Fonte: A Tarde<\/p>\n","protected":false},"excerpt":{"rendered":"<p>O soldado da Pol\u00edcia Militar Diego Kollucha Santos Vasconcelos, que estava preso no Batalh\u00e3o de Choque da PM, em Lauro de Freitas, e foi alvo da \u2018Opera\u00e7\u00e3o Sangue Frio&#8217;,\u00a0deflagrada na manh\u00e3 desta quarta-feira, 27, fugiu da unidade pouco antes do cumprimento do novo mandado de pris\u00e3o em seu desfavor. O PM estava preso na unidade [&hellip;]<\/p>\n","protected":false},"author":2,"featured_media":9122,"comment_status":"open","ping_status":"open","sticky":false,"template":"","format":"standard","meta":{"footnotes":""},"categories":[105],"tags":[],"class_list":["post-9121","post","type-post","status-publish","format-standard","has-post-thumbnail","hentry","category-policia"],"_links":{"self":[{"href":"https:\/\/salvadoracontece.com.br\/index.php\/wp-json\/wp\/v2\/posts\/9121","targetHints":{"allow":["GET"]}}],"collection":[{"href":"https:\/\/salvadoracontece.com.br\/index.php\/wp-json\/wp\/v2\/posts"}],"about":[{"href":"https:\/\/salvadoracontece.com.br\/index.php\/wp-json\/wp\/v2\/types\/post"}],"author":[{"embeddable":true,"href":"https:\/\/salvadoracontece.com.br\/index.php\/wp-json\/wp\/v2\/users\/2"}],"replies":[{"embeddable":true,"href":"https:\/\/salvadoracontece.com.br\/index.php\/wp-json\/wp\/v2\/comments?post=9121"}],"version-history":[{"count":1,"href":"https:\/\/salvadoracontece.com.br\/index.php\/wp-json\/wp\/v2\/posts\/9121\/revisions"}],"predecessor-version":[{"id":9123,"href":"https:\/\/salvadoracontece.com.br\/index.php\/wp-json\/wp\/v2\/posts\/9121\/revisions\/9123"}],"wp:featuredmedia":[{"embeddable":true,"href":"https:\/\/salvadoracontece.com.br\/index.php\/wp-json\/wp\/v2\/media\/9122"}],"wp:attachment":[{"href":"https:\/\/salvadoracontece.com.br\/index.php\/wp-json\/wp\/v2\/media?parent=9121"}],"wp:term":[{"taxonomy":"category","embeddable":true,"href":"https:\/\/salvadoracontece.com.br\/index.php\/wp-json\/wp\/v2\/categories?post=9121"},{"taxonomy":"post_tag","embeddable":true,"href":"https:\/\/salvadoracontece.com.br\/index.php\/wp-json\/wp\/v2\/tags?post=9121"}],"curies":[{"name":"wp","href":"https:\/\/api.w.org\/{rel}","templated":true}]}}