{"id":9124,"date":"2024-03-27T13:22:37","date_gmt":"2024-03-27T16:22:37","guid":{"rendered":"https:\/\/salvadoracontece.com.br\/?p=9124"},"modified":"2024-03-27T13:22:39","modified_gmt":"2024-03-27T16:22:39","slug":"detran-ressalta-educacao-no-transito-e-antecipa-acoes-para-este-ano","status":"publish","type":"post","link":"https:\/\/salvadoracontece.com.br\/index.php\/2024\/03\/27\/detran-ressalta-educacao-no-transito-e-antecipa-acoes-para-este-ano\/","title":{"rendered":"Detran ressalta educa\u00e7\u00e3o no tr\u00e2nsito e antecipa a\u00e7\u00f5es para este ano"},"content":{"rendered":"\n<p>O coordenador de Seguran\u00e7a e Educa\u00e7\u00e3o para Tr\u00e2nsito do Departamento Estadual de Tr\u00e2nsito da Bahia (Detran), Smith Neto, ressaltou, na manh\u00e3 desta quarta-feira, 27, sobre a educa\u00e7\u00e3o no tr\u00e2nsito, principalmente direcionada para crian\u00e7as. \u201cCriamos fiscais mirins em prol de boas pr\u00e1ticas de tr\u00e2nsito.\u201d<\/p>\n\n\n\n<p>\u201cO governo entendeu que, junto com o Detran, n\u00f3s devemos educar nossas crian\u00e7as. Ent\u00e3o, temos um programa espec\u00edfico chamado Ovinhos h\u00e1 12 anos, em que levamos em escolas p\u00fablicas, particulares, em pra\u00e7as e demais redutos onde as crian\u00e7as est\u00e3o, para ofertar esse tipo de informa\u00e7\u00e3o e n\u00f3s recebemos um feedback muito importante. Atuamos com a inten\u00e7\u00e3o da educa\u00e7\u00e3o regressiva, na qual as crian\u00e7as levam as informa\u00e7\u00f5es para os pais. Orientamos sobre sem\u00e1foro, sinaliza\u00e7\u00e3o, as paletas de cores, informamos sobre as crian\u00e7as com menos de 10 anos que n\u00e3o devem utilizar motocicleta, mesmo na garupa, e percebemos o entusiasmo das crian\u00e7as. N\u00f3s fazemos sess\u00f5es de cinema com as crian\u00e7as e no final fazemos perguntas e voc\u00ea percebe que as crian\u00e7as entram neste programa, estamos formando cidad\u00e3os para um futuro melhor para educa\u00e7\u00e3o de tr\u00e2nsito, para evitar acidentes e as crian\u00e7as come\u00e7am a orientar os pais. \u00c9 assertiva essas a\u00e7\u00f5es regressivas na fase da inf\u00e2ncia\u201d, disse, em entrevista ao programa Isso \u00e9 Bahia.<\/p>\n\n\n\n<p>Em conversa, Smith tamb\u00e9m citou a\u00e7\u00f5es que est\u00e3o sendo realizadas para acolhimento das mulheres e para alertar sobre importuna\u00e7\u00e3o sexual e machismo. \u201cPrecisamos levar isso a tona para sociedade para combater \u00e9 precisa realmente denunciar atrav\u00e9s do 180. N\u00f3s temos um grande aparato com for\u00e7as policiais para tentar coibir esse crime, principalmente no nosso estado.\u201d<\/p>\n\n\n\n<p>\u201c\u00c9 um tema muito delicado para ser tratado e a gente precisou buscar informa\u00e7\u00e3o t\u00e9cnica e n\u00f3s nos aproximamos da Secretaria de Prote\u00e7\u00e3o \u00e0s Mulheres, junto a nossa superintendente Camila Batista que nos deu subs\u00eddios para tocarmos em um tema desse t\u00e3o sens\u00edvel. N\u00f3s entendemos que as mulheres sofriam e sofrem em alguns transportes p\u00fablicos no nosso estado, percebemos que era uma demanda e a\u00ed o Governo Federal junto com o estado, criou o 180 , canal de acesso, para ligar para den\u00fancia e a\u00ed com esse formato fomos para a rua, a Secretaria e o Detran, criamos as caravana estamos rodando em 17 munic\u00edpios, levando informa\u00e7\u00f5es para combater, principalmente dentro do transporte p\u00fablico do nosso Estado, daquele malignos que ficam tentando se aproveitar das mulheres pela fragilidade de uma forma descabida\u201d, declarou.<\/p>\n\n\n\n<p>Al\u00e9m disso, o coordenador antecipou que este ano o Detran realizar\u00e1 a\u00e7\u00f5es focadas na sa\u00fade mental dos motoristas.<\/p>\n\n\n\n<p>\u201cEstamos buscando informa\u00e7\u00f5es de psic\u00f3logo e psiquiatra por que as pessoas que passam muito tempo no transporte p\u00fablico ou particular, no tr\u00e2nsito na forma geral, sofrem \u00e0s vezes um impacto muito grande, que leva aquela energia consigo para fam\u00edlia e fica estressado, ent\u00e3o estamos trabalhando em qual impacto disso\u201d, declarou.<\/p>\n\n\n\n<p>\u201cN\u00f3s j\u00e1 temos algo e vamos apresentar ao governador junto ao diretor geral nos pr\u00f3ximos meses para fazer uma a\u00e7\u00e3o junto com o Maio Amarelo, porque entendemos que precisamos de a\u00e7\u00f5es para tentar tirar essa press\u00e3o.\u201d<\/p>\n\n\n\n<p>Fonte: A Tarde<\/p>\n","protected":false},"excerpt":{"rendered":"<p>O coordenador de Seguran\u00e7a e Educa\u00e7\u00e3o para Tr\u00e2nsito do Departamento Estadual de Tr\u00e2nsito da Bahia (Detran), Smith Neto, ressaltou, na manh\u00e3 desta quarta-feira, 27, sobre a educa\u00e7\u00e3o no tr\u00e2nsito, principalmente direcionada para crian\u00e7as. \u201cCriamos fiscais mirins em prol de boas pr\u00e1ticas de tr\u00e2nsito.\u201d \u201cO governo entendeu que, junto com o Detran, n\u00f3s devemos educar nossas [&hellip;]<\/p>\n","protected":false},"author":2,"featured_media":9125,"comment_status":"open","ping_status":"open","sticky":false,"template":"","format":"standard","meta":{"footnotes":""},"categories":[91],"tags":[],"class_list":["post-9124","post","type-post","status-publish","format-standard","has-post-thumbnail","hentry","category-politica"],"_links":{"self":[{"href":"https:\/\/salvadoracontece.com.br\/index.php\/wp-json\/wp\/v2\/posts\/9124","targetHints":{"allow":["GET"]}}],"collection":[{"href":"https:\/\/salvadoracontece.com.br\/index.php\/wp-json\/wp\/v2\/posts"}],"about":[{"href":"https:\/\/salvadoracontece.com.br\/index.php\/wp-json\/wp\/v2\/types\/post"}],"author":[{"embeddable":true,"href":"https:\/\/salvadoracontece.com.br\/index.php\/wp-json\/wp\/v2\/users\/2"}],"replies":[{"embeddable":true,"href":"https:\/\/salvadoracontece.com.br\/index.php\/wp-json\/wp\/v2\/comments?post=9124"}],"version-history":[{"count":1,"href":"https:\/\/salvadoracontece.com.br\/index.php\/wp-json\/wp\/v2\/posts\/9124\/revisions"}],"predecessor-version":[{"id":9126,"href":"https:\/\/salvadoracontece.com.br\/index.php\/wp-json\/wp\/v2\/posts\/9124\/revisions\/9126"}],"wp:featuredmedia":[{"embeddable":true,"href":"https:\/\/salvadoracontece.com.br\/index.php\/wp-json\/wp\/v2\/media\/9125"}],"wp:attachment":[{"href":"https:\/\/salvadoracontece.com.br\/index.php\/wp-json\/wp\/v2\/media?parent=9124"}],"wp:term":[{"taxonomy":"category","embeddable":true,"href":"https:\/\/salvadoracontece.com.br\/index.php\/wp-json\/wp\/v2\/categories?post=9124"},{"taxonomy":"post_tag","embeddable":true,"href":"https:\/\/salvadoracontece.com.br\/index.php\/wp-json\/wp\/v2\/tags?post=9124"}],"curies":[{"name":"wp","href":"https:\/\/api.w.org\/{rel}","templated":true}]}}