{"id":9136,"date":"2024-04-01T10:21:20","date_gmt":"2024-04-01T13:21:20","guid":{"rendered":"https:\/\/salvadoracontece.com.br\/?p=9136"},"modified":"2024-04-01T10:21:21","modified_gmt":"2024-04-01T13:21:21","slug":"prefeitura-de-salvador-inaugura-arena-gbeiru-em-tancredo-neves","status":"publish","type":"post","link":"https:\/\/salvadoracontece.com.br\/index.php\/2024\/04\/01\/prefeitura-de-salvador-inaugura-arena-gbeiru-em-tancredo-neves\/","title":{"rendered":"Prefeitura de Salvador inaugura Arena Gbeiru em Tancredo Neves"},"content":{"rendered":"\n<p>Neste s\u00e1bado (30), &nbsp;foi &nbsp;inaugurada a Arena Gbeiru, no bairro de Tancredo Neves em Salvador. A inaugura\u00e7\u00e3o contou com a presen\u00e7a do prefeito Bruno Reis, gestores municipais e moradores da regi\u00e3o.<\/p>\n\n\n\n<p>O local agora recebeu reforma da arquibancada, instala\u00e7\u00e3o de novos alambrados, traves, rede e cobertura, mureta, &nbsp;vesti\u00e1rio, 24 projetores em LED e &nbsp;grama sint\u00e9tica no campo.<\/p>\n\n\n\n<p>O objetivo da prefeitura \u00e9 &nbsp;entregar 100 campos com grama sint\u00e9tica at\u00e9 o fim deste ano. O prefeito Bruno Reis, destaca a import\u00e2ncia da promo\u00e7\u00e3o a a\u00e7\u00f5es esportivas:&nbsp;<em>\u201cO esporte \u00e9 sa\u00fade, disciplina, foco, respeito \u00e0s regras e \u00e0 hierarquia, al\u00e9m de profiss\u00e3o e inclus\u00e3o. Quando um jovem de comunidade se destaca no esporte, ele se torna exemplo para outros no bairro. Al\u00e9m disso, contribui para a diminui\u00e7\u00e3o da viol\u00eancia, ajudando a afastar as crian\u00e7as e jovens da criminalidade.\u201d<\/em><\/p>\n\n\n\n<p>Arena Gbeiru homenageia um personagem pertencente \u00e0 tradi\u00e7\u00e3o oral do bairro. Gbeiru veio escravizado da Nig\u00e9ria para Salvador, na d\u00e9cada de 1820, \u00a0se tornou cativo dos Silva Garcia, bra\u00e7o da fam\u00edlia Garcia D\u2019\u00c1vila e donos da Fazenda Campo Seco, onde hoje est\u00e1 localizado o bairro Beiru\/Tancredo Neves. Com o tempo ele conquistou a confian\u00e7a dos propriet\u00e1rios e ganhou um terreno, onde construiu um quilombo. E deu origem ao primeiro nome da localidade e que permanece at\u00e9 hoje.<\/p>\n\n\n\n<p>Fonte: Varela Net<\/p>\n","protected":false},"excerpt":{"rendered":"<p>Neste s\u00e1bado (30), &nbsp;foi &nbsp;inaugurada a Arena Gbeiru, no bairro de Tancredo Neves em Salvador. A inaugura\u00e7\u00e3o contou com a presen\u00e7a do prefeito Bruno Reis, gestores municipais e moradores da regi\u00e3o. O local agora recebeu reforma da arquibancada, instala\u00e7\u00e3o de novos alambrados, traves, rede e cobertura, mureta, &nbsp;vesti\u00e1rio, 24 projetores em LED e &nbsp;grama sint\u00e9tica [&hellip;]<\/p>\n","protected":false},"author":2,"featured_media":9137,"comment_status":"open","ping_status":"open","sticky":false,"template":"","format":"standard","meta":{"footnotes":""},"categories":[85],"tags":[],"class_list":["post-9136","post","type-post","status-publish","format-standard","has-post-thumbnail","hentry","category-noticias"],"_links":{"self":[{"href":"https:\/\/salvadoracontece.com.br\/index.php\/wp-json\/wp\/v2\/posts\/9136","targetHints":{"allow":["GET"]}}],"collection":[{"href":"https:\/\/salvadoracontece.com.br\/index.php\/wp-json\/wp\/v2\/posts"}],"about":[{"href":"https:\/\/salvadoracontece.com.br\/index.php\/wp-json\/wp\/v2\/types\/post"}],"author":[{"embeddable":true,"href":"https:\/\/salvadoracontece.com.br\/index.php\/wp-json\/wp\/v2\/users\/2"}],"replies":[{"embeddable":true,"href":"https:\/\/salvadoracontece.com.br\/index.php\/wp-json\/wp\/v2\/comments?post=9136"}],"version-history":[{"count":1,"href":"https:\/\/salvadoracontece.com.br\/index.php\/wp-json\/wp\/v2\/posts\/9136\/revisions"}],"predecessor-version":[{"id":9138,"href":"https:\/\/salvadoracontece.com.br\/index.php\/wp-json\/wp\/v2\/posts\/9136\/revisions\/9138"}],"wp:featuredmedia":[{"embeddable":true,"href":"https:\/\/salvadoracontece.com.br\/index.php\/wp-json\/wp\/v2\/media\/9137"}],"wp:attachment":[{"href":"https:\/\/salvadoracontece.com.br\/index.php\/wp-json\/wp\/v2\/media?parent=9136"}],"wp:term":[{"taxonomy":"category","embeddable":true,"href":"https:\/\/salvadoracontece.com.br\/index.php\/wp-json\/wp\/v2\/categories?post=9136"},{"taxonomy":"post_tag","embeddable":true,"href":"https:\/\/salvadoracontece.com.br\/index.php\/wp-json\/wp\/v2\/tags?post=9136"}],"curies":[{"name":"wp","href":"https:\/\/api.w.org\/{rel}","templated":true}]}}