{"id":9139,"date":"2024-04-01T10:31:25","date_gmt":"2024-04-01T13:31:25","guid":{"rendered":"https:\/\/salvadoracontece.com.br\/?p=9139"},"modified":"2024-04-01T10:31:26","modified_gmt":"2024-04-01T13:31:26","slug":"corpo-de-piloto-e-encontrado-apos-aviao-cair-na-na-serra-do-japi","status":"publish","type":"post","link":"https:\/\/salvadoracontece.com.br\/index.php\/2024\/04\/01\/corpo-de-piloto-e-encontrado-apos-aviao-cair-na-na-serra-do-japi\/","title":{"rendered":"Corpo de piloto \u00e9 encontrado ap\u00f3s avi\u00e3o cair na na Serra do Japi"},"content":{"rendered":"\n<p>O corpo do piloto &nbsp;ngelo Chaves Pucci, de 44 anos, foi encontrado pelo &nbsp;Corpo de Bombeiros de S\u00e3o Paulo neste s\u00e1bado(30). Ele estava desaparecido desde quinta-feira (28) quando o avi\u00e3o de pequeno porte caiu na Serra do Japi, em Jundia\u00ed (SP).<\/p>\n\n\n\n<p>De acordo com &nbsp;a &nbsp;Secretaria de Seguran\u00e7a P\u00fablica de S\u00e3o Paulo, o corpo do piloto foi encaminhado ao Instituto M\u00e9dico Legal (IML) &nbsp;para realiza\u00e7\u00e3o da &nbsp;per\u00edcia que vai contribuir para descobrir as causas do acidente.&nbsp;<\/p>\n\n\n\n<p>A aeronave estava com toda documenta\u00e7\u00e3o regular, \u00a0tinha capacidade para transportar at\u00e9 cinco passageiros e possu\u00eda permiss\u00e3o apenas para servi\u00e7os a\u00e9reos privados.<\/p>\n\n\n\n<p>Fonte: Varela Net<\/p>\n","protected":false},"excerpt":{"rendered":"<p>O corpo do piloto &nbsp;ngelo Chaves Pucci, de 44 anos, foi encontrado pelo &nbsp;Corpo de Bombeiros de S\u00e3o Paulo neste s\u00e1bado(30). Ele estava desaparecido desde quinta-feira (28) quando o avi\u00e3o de pequeno porte caiu na Serra do Japi, em Jundia\u00ed (SP). De acordo com &nbsp;a &nbsp;Secretaria de Seguran\u00e7a P\u00fablica de S\u00e3o Paulo, o corpo do [&hellip;]<\/p>\n","protected":false},"author":2,"featured_media":9140,"comment_status":"open","ping_status":"open","sticky":false,"template":"","format":"standard","meta":{"footnotes":""},"categories":[85],"tags":[],"class_list":["post-9139","post","type-post","status-publish","format-standard","has-post-thumbnail","hentry","category-noticias"],"_links":{"self":[{"href":"https:\/\/salvadoracontece.com.br\/index.php\/wp-json\/wp\/v2\/posts\/9139","targetHints":{"allow":["GET"]}}],"collection":[{"href":"https:\/\/salvadoracontece.com.br\/index.php\/wp-json\/wp\/v2\/posts"}],"about":[{"href":"https:\/\/salvadoracontece.com.br\/index.php\/wp-json\/wp\/v2\/types\/post"}],"author":[{"embeddable":true,"href":"https:\/\/salvadoracontece.com.br\/index.php\/wp-json\/wp\/v2\/users\/2"}],"replies":[{"embeddable":true,"href":"https:\/\/salvadoracontece.com.br\/index.php\/wp-json\/wp\/v2\/comments?post=9139"}],"version-history":[{"count":1,"href":"https:\/\/salvadoracontece.com.br\/index.php\/wp-json\/wp\/v2\/posts\/9139\/revisions"}],"predecessor-version":[{"id":9141,"href":"https:\/\/salvadoracontece.com.br\/index.php\/wp-json\/wp\/v2\/posts\/9139\/revisions\/9141"}],"wp:featuredmedia":[{"embeddable":true,"href":"https:\/\/salvadoracontece.com.br\/index.php\/wp-json\/wp\/v2\/media\/9140"}],"wp:attachment":[{"href":"https:\/\/salvadoracontece.com.br\/index.php\/wp-json\/wp\/v2\/media?parent=9139"}],"wp:term":[{"taxonomy":"category","embeddable":true,"href":"https:\/\/salvadoracontece.com.br\/index.php\/wp-json\/wp\/v2\/categories?post=9139"},{"taxonomy":"post_tag","embeddable":true,"href":"https:\/\/salvadoracontece.com.br\/index.php\/wp-json\/wp\/v2\/tags?post=9139"}],"curies":[{"name":"wp","href":"https:\/\/api.w.org\/{rel}","templated":true}]}}