{"id":9143,"date":"2024-04-01T10:56:15","date_gmt":"2024-04-01T13:56:15","guid":{"rendered":"https:\/\/salvadoracontece.com.br\/?p=9143"},"modified":"2024-04-01T10:56:17","modified_gmt":"2024-04-01T13:56:17","slug":"vice-prefeita-de-cidade-baiana-rompe-com-prefeito-a-seis-meses-de-eleicao","status":"publish","type":"post","link":"https:\/\/salvadoracontece.com.br\/index.php\/2024\/04\/01\/vice-prefeita-de-cidade-baiana-rompe-com-prefeito-a-seis-meses-de-eleicao\/","title":{"rendered":"Vice-prefeita de cidade baiana rompe com prefeito a seis meses de elei\u00e7\u00e3o"},"content":{"rendered":"\n<p>A vice-prefeita de\u00a0Ibirapitanga, no Baixo Sul baiano, Val de Gude (PDT), anunciou nesta segunda-feira (1\u00b0) o rompimento com a gest\u00e3o do prefeito Junilson de Bor\u00f3 (PSD). Esposo da vice, o ex-prefeito Gude (PDT) tamb\u00e9m anunciou o rompimento com o atual gestor. Segundo o\u00a0Pol\u00edticos do Sul da Bahia, parceiro do Bahia Not\u00edcias, a sa\u00edda do governo da vice e do marido dela estaria ligada a uma s\u00e9rie de diverg\u00eancias.<\/p>\n\n\n\n<p>Em declara\u00e7\u00e3o, Val de Gude chegou a falar em falta de considera\u00e7\u00e3o por sugest\u00f5es levadas ao prefeito. No entanto, ela n\u00e3o detalhou quais seriam. A vice tamb\u00e9m n\u00e3o se manifestou a respeito de pr\u00e9-candidatura dela\u00a0nas elei\u00e7\u00f5es deste ano. \u00a0 <\/p>\n\n\n\n<p>\u201cDurante minha jornada como vice-Prefeita, estive \u00e0 disposi\u00e7\u00e3o da gest\u00e3o em exerc\u00edcio para contribuir com o nosso querido munic\u00edpio, sempre visando seu desenvolvimento e bem-estar. No entanto, ao longo dessa gest\u00e3o, a aus\u00eancia de integra\u00e7\u00e3o e acolhimento, somada \u00e0 falta de considera\u00e7\u00e3o pelas sugest\u00f5es apresentadas gerou um profundo sentimento de isolamento\u201d, disse a vice-prefeita.<\/p>\n\n\n\n<p>Val de Guge concorreu \u00e0 prefeita de Ibirapitanga, em 2016. Ela ficou em segundo lugar, com quase 4,9 mil votos (44,81% dos votos v\u00e1lidos). Em 2020, formou a chapa com Junildo de Bor\u00f3 que venceu a elei\u00e7\u00e3o com uma margem estreita de 144 votos de frente. Junilson de Bor\u00f3 est\u00e1 no primeiro mandado, podendo se candidatar para uma poss\u00edvel reelei\u00e7\u00e3o.<\/p>\n\n\n\n<p>Fonte: Bahia Not\u00edcias<\/p>\n\n\n\n<p><\/p>\n","protected":false},"excerpt":{"rendered":"<p>A vice-prefeita de\u00a0Ibirapitanga, no Baixo Sul baiano, Val de Gude (PDT), anunciou nesta segunda-feira (1\u00b0) o rompimento com a gest\u00e3o do prefeito Junilson de Bor\u00f3 (PSD). Esposo da vice, o ex-prefeito Gude (PDT) tamb\u00e9m anunciou o rompimento com o atual gestor. Segundo o\u00a0Pol\u00edticos do Sul da Bahia, parceiro do Bahia Not\u00edcias, a sa\u00edda do governo [&hellip;]<\/p>\n","protected":false},"author":2,"featured_media":9144,"comment_status":"open","ping_status":"open","sticky":false,"template":"","format":"standard","meta":{"footnotes":""},"categories":[85],"tags":[],"class_list":["post-9143","post","type-post","status-publish","format-standard","has-post-thumbnail","hentry","category-noticias"],"_links":{"self":[{"href":"https:\/\/salvadoracontece.com.br\/index.php\/wp-json\/wp\/v2\/posts\/9143","targetHints":{"allow":["GET"]}}],"collection":[{"href":"https:\/\/salvadoracontece.com.br\/index.php\/wp-json\/wp\/v2\/posts"}],"about":[{"href":"https:\/\/salvadoracontece.com.br\/index.php\/wp-json\/wp\/v2\/types\/post"}],"author":[{"embeddable":true,"href":"https:\/\/salvadoracontece.com.br\/index.php\/wp-json\/wp\/v2\/users\/2"}],"replies":[{"embeddable":true,"href":"https:\/\/salvadoracontece.com.br\/index.php\/wp-json\/wp\/v2\/comments?post=9143"}],"version-history":[{"count":1,"href":"https:\/\/salvadoracontece.com.br\/index.php\/wp-json\/wp\/v2\/posts\/9143\/revisions"}],"predecessor-version":[{"id":9145,"href":"https:\/\/salvadoracontece.com.br\/index.php\/wp-json\/wp\/v2\/posts\/9143\/revisions\/9145"}],"wp:featuredmedia":[{"embeddable":true,"href":"https:\/\/salvadoracontece.com.br\/index.php\/wp-json\/wp\/v2\/media\/9144"}],"wp:attachment":[{"href":"https:\/\/salvadoracontece.com.br\/index.php\/wp-json\/wp\/v2\/media?parent=9143"}],"wp:term":[{"taxonomy":"category","embeddable":true,"href":"https:\/\/salvadoracontece.com.br\/index.php\/wp-json\/wp\/v2\/categories?post=9143"},{"taxonomy":"post_tag","embeddable":true,"href":"https:\/\/salvadoracontece.com.br\/index.php\/wp-json\/wp\/v2\/tags?post=9143"}],"curies":[{"name":"wp","href":"https:\/\/api.w.org\/{rel}","templated":true}]}}