{"id":9171,"date":"2024-04-02T13:22:43","date_gmt":"2024-04-02T16:22:43","guid":{"rendered":"https:\/\/salvadoracontece.com.br\/?p=9171"},"modified":"2024-04-02T13:22:46","modified_gmt":"2024-04-02T16:22:46","slug":"apresentador-da-record-sofre-tentativa-de-assalto-e-tem-carro-baleado","status":"publish","type":"post","link":"https:\/\/salvadoracontece.com.br\/index.php\/2024\/04\/02\/apresentador-da-record-sofre-tentativa-de-assalto-e-tem-carro-baleado\/","title":{"rendered":"Apresentador da Record sofre tentativa de assalto e tem carro baleado"},"content":{"rendered":"\n<p>Um telejornal da Record TV iniciou a edi\u00e7\u00e3o desta ter\u00e7a-feira, 2, noticiando uma tentativa de assalto ocorrida durante a madrugada. \u00c2ncora da TV Correio, afiliada da Record na Para\u00edba, Jo\u00e3o Fernandes, afirmou ter sido abordado por tr\u00eas bandidos armados antes de chegar \u00e0 emissora e, no susto, fugiu e teve seu ve\u00edculo alvejado.<\/p>\n\n\n\n<p>&#8220;A gente come\u00e7a o Correio Manh\u00e3 nesta ter\u00e7a falando de uma tentativa de assalto que aconteceu agora pela madrugada na Rui Carneiro, na altura do bairro Brisa Mar, aqui na capital&#8221;, afirmou Fernandes.<\/p>\n\n\n\n<p>Com a voz embargada, ele seguiu a hist\u00f3ria e revelou que o pr\u00f3prio foi a v\u00edtima.<\/p>\n\n\n\n<p>&#8220;Tr\u00eas bandidos invadiram a pista para tentar parar um ve\u00edculo -os ve\u00edculos que estavam passando pela avenida para tentar assaltar&#8230;&#8221;, relatou. &#8220;S\u00f3 que h\u00e1 um detalhe nessa hist\u00f3ria: a pessoa que estava passando era eu&#8221;, disse ele, que seguiu.<\/p>\n\n\n\n<p>&#8220;Tentaram parar o meu carro, e eu assustei na hora. Eu s\u00f3 vi os tr\u00eas entrando na minha frente, um deles armado. Na hora, eu n\u00e3o soube o que fazer, eu apenas acelerei o carro. Apenas acelerei com medo. Foi quando eu ouvi um disparo&#8221;.<\/p>\n\n\n\n<p>O jornalista seguiu o relato emocionado. &#8220;\u00c9 o que eu sempre falo e repito aqui no programa: quando n\u00e3o d\u00e1 certo o assalto, eles atiram por pura maldade. O tiro acertou bem aqui, na lateral do meu carro, bem no vidro lateral&#8221;.<\/p>\n\n\n\n<p>Em nota, o Sistema Correio afirma que presta solidariedade e apoio ao apresentador. \u201cAgradecemos a Deus por n\u00e3o ter acontecido um mal maior e pedimos \u00e0s autoridades do nosso Estado que tomem provid\u00eancias para que trabalhadores como Jo\u00e3o Fernandes, e tantos outros, possam sair e voltar para casa com tranquilidade e seguran\u00e7a.\u201d, completou.<\/p>\n\n\n\n<p>Fonte: A Tarde<\/p>\n","protected":false},"excerpt":{"rendered":"<p>Um telejornal da Record TV iniciou a edi\u00e7\u00e3o desta ter\u00e7a-feira, 2, noticiando uma tentativa de assalto ocorrida durante a madrugada. \u00c2ncora da TV Correio, afiliada da Record na Para\u00edba, Jo\u00e3o Fernandes, afirmou ter sido abordado por tr\u00eas bandidos armados antes de chegar \u00e0 emissora e, no susto, fugiu e teve seu ve\u00edculo alvejado. &#8220;A gente [&hellip;]<\/p>\n","protected":false},"author":2,"featured_media":9172,"comment_status":"open","ping_status":"open","sticky":false,"template":"","format":"standard","meta":{"footnotes":""},"categories":[85],"tags":[],"class_list":["post-9171","post","type-post","status-publish","format-standard","has-post-thumbnail","hentry","category-noticias"],"_links":{"self":[{"href":"https:\/\/salvadoracontece.com.br\/index.php\/wp-json\/wp\/v2\/posts\/9171","targetHints":{"allow":["GET"]}}],"collection":[{"href":"https:\/\/salvadoracontece.com.br\/index.php\/wp-json\/wp\/v2\/posts"}],"about":[{"href":"https:\/\/salvadoracontece.com.br\/index.php\/wp-json\/wp\/v2\/types\/post"}],"author":[{"embeddable":true,"href":"https:\/\/salvadoracontece.com.br\/index.php\/wp-json\/wp\/v2\/users\/2"}],"replies":[{"embeddable":true,"href":"https:\/\/salvadoracontece.com.br\/index.php\/wp-json\/wp\/v2\/comments?post=9171"}],"version-history":[{"count":1,"href":"https:\/\/salvadoracontece.com.br\/index.php\/wp-json\/wp\/v2\/posts\/9171\/revisions"}],"predecessor-version":[{"id":9173,"href":"https:\/\/salvadoracontece.com.br\/index.php\/wp-json\/wp\/v2\/posts\/9171\/revisions\/9173"}],"wp:featuredmedia":[{"embeddable":true,"href":"https:\/\/salvadoracontece.com.br\/index.php\/wp-json\/wp\/v2\/media\/9172"}],"wp:attachment":[{"href":"https:\/\/salvadoracontece.com.br\/index.php\/wp-json\/wp\/v2\/media?parent=9171"}],"wp:term":[{"taxonomy":"category","embeddable":true,"href":"https:\/\/salvadoracontece.com.br\/index.php\/wp-json\/wp\/v2\/categories?post=9171"},{"taxonomy":"post_tag","embeddable":true,"href":"https:\/\/salvadoracontece.com.br\/index.php\/wp-json\/wp\/v2\/tags?post=9171"}],"curies":[{"name":"wp","href":"https:\/\/api.w.org\/{rel}","templated":true}]}}