{"id":9174,"date":"2024-04-02T14:58:15","date_gmt":"2024-04-02T17:58:15","guid":{"rendered":"https:\/\/salvadoracontece.com.br\/?p=9174"},"modified":"2024-04-02T14:58:17","modified_gmt":"2024-04-02T17:58:17","slug":"incendio-e-registrado-em-torre-da-oi-em-amaralina","status":"publish","type":"post","link":"https:\/\/salvadoracontece.com.br\/index.php\/2024\/04\/02\/incendio-e-registrado-em-torre-da-oi-em-amaralina\/","title":{"rendered":"Inc\u00eandio \u00e9 registrado em torre da Oi em Amaralina"},"content":{"rendered":"\n<p>Um inc\u00eandio foi registrado, no in\u00edcio da tarde desta ter\u00e7a-feira, 2, na torre da operadora de telefonia Oi, localizada na\u00a0rua Balne\u00e1rio, em Amaralina, Salvador. Imagens mostram uma fuma\u00e7a densa saindo das insala\u00e7\u00f5es.\u00a0<\/p>\n\n\n\n<p>Viaturas do Corpo de Bombeiros est\u00e3o no local para realizarem o combate ao inc\u00eandio, al\u00e9m da Transalvador.<\/p>\n\n\n\n<p>O pescador e morador do bairro, Alessandro Santos, disse que j\u00e1 esteve no pr\u00e9dio e o local se encontra abandonado, &#8220;sem respons\u00e1vel&#8221;.\u00a0N\u00e3o h\u00e1 informa\u00e7\u00f5es se h\u00e1 algum ferido.<\/p>\n\n\n\n<p>Fonte: A Tarde<\/p>\n","protected":false},"excerpt":{"rendered":"<p>Um inc\u00eandio foi registrado, no in\u00edcio da tarde desta ter\u00e7a-feira, 2, na torre da operadora de telefonia Oi, localizada na\u00a0rua Balne\u00e1rio, em Amaralina, Salvador. Imagens mostram uma fuma\u00e7a densa saindo das insala\u00e7\u00f5es.\u00a0 Viaturas do Corpo de Bombeiros est\u00e3o no local para realizarem o combate ao inc\u00eandio, al\u00e9m da Transalvador. O pescador e morador do bairro, [&hellip;]<\/p>\n","protected":false},"author":2,"featured_media":9175,"comment_status":"open","ping_status":"open","sticky":false,"template":"","format":"standard","meta":{"footnotes":""},"categories":[85],"tags":[],"class_list":["post-9174","post","type-post","status-publish","format-standard","has-post-thumbnail","hentry","category-noticias"],"_links":{"self":[{"href":"https:\/\/salvadoracontece.com.br\/index.php\/wp-json\/wp\/v2\/posts\/9174","targetHints":{"allow":["GET"]}}],"collection":[{"href":"https:\/\/salvadoracontece.com.br\/index.php\/wp-json\/wp\/v2\/posts"}],"about":[{"href":"https:\/\/salvadoracontece.com.br\/index.php\/wp-json\/wp\/v2\/types\/post"}],"author":[{"embeddable":true,"href":"https:\/\/salvadoracontece.com.br\/index.php\/wp-json\/wp\/v2\/users\/2"}],"replies":[{"embeddable":true,"href":"https:\/\/salvadoracontece.com.br\/index.php\/wp-json\/wp\/v2\/comments?post=9174"}],"version-history":[{"count":1,"href":"https:\/\/salvadoracontece.com.br\/index.php\/wp-json\/wp\/v2\/posts\/9174\/revisions"}],"predecessor-version":[{"id":9176,"href":"https:\/\/salvadoracontece.com.br\/index.php\/wp-json\/wp\/v2\/posts\/9174\/revisions\/9176"}],"wp:featuredmedia":[{"embeddable":true,"href":"https:\/\/salvadoracontece.com.br\/index.php\/wp-json\/wp\/v2\/media\/9175"}],"wp:attachment":[{"href":"https:\/\/salvadoracontece.com.br\/index.php\/wp-json\/wp\/v2\/media?parent=9174"}],"wp:term":[{"taxonomy":"category","embeddable":true,"href":"https:\/\/salvadoracontece.com.br\/index.php\/wp-json\/wp\/v2\/categories?post=9174"},{"taxonomy":"post_tag","embeddable":true,"href":"https:\/\/salvadoracontece.com.br\/index.php\/wp-json\/wp\/v2\/tags?post=9174"}],"curies":[{"name":"wp","href":"https:\/\/api.w.org\/{rel}","templated":true}]}}