{"id":9177,"date":"2024-04-02T15:15:03","date_gmt":"2024-04-02T18:15:03","guid":{"rendered":"https:\/\/salvadoracontece.com.br\/?p=9177"},"modified":"2024-04-02T15:15:05","modified_gmt":"2024-04-02T18:15:05","slug":"futuro-de-eliana-apos-saida-do-sbt-esta-definido-na-globo-diz-jornalista","status":"publish","type":"post","link":"https:\/\/salvadoracontece.com.br\/index.php\/2024\/04\/02\/futuro-de-eliana-apos-saida-do-sbt-esta-definido-na-globo-diz-jornalista\/","title":{"rendered":"Futuro de Eliana ap\u00f3s sa\u00edda do SBT est\u00e1 definido na Globo, diz jornalista"},"content":{"rendered":"\n<p>A apresentadora Eliana pode estar de casa nova em menos de 24 horas ap\u00f3s anunciar o fim do contrato de 15 anos com o SBT.<\/p>\n\n\n\n<p>De acordo com o colunista Leo Dias, a loira estaria na mira da Globo atrav\u00e9s do canal por assinatura GNT para assumir o Saia Justa.\u00a0<\/p>\n\n\n\n<p>Segundo o jornalista, a ida de Eliana para o canal \u00e9 fazer uma transi\u00e7\u00e3o suave para o Grupo Globo, j\u00e1 que a artista passou 15 anos com a imagem atrelada ao SBT.<\/p>\n\n\n\n<p>At\u00e9 o momento, a apresentadora segue cumprindo o acordo feito com o SBT e grava o programa at\u00e9 o fim do contrato, em junho. A artista retoma as grava\u00e7\u00f5es na quarta-feira (3), ap\u00f3s um per\u00edodo de f\u00e9rias em Orlando, nos Estados Unidos.<\/p>\n\n\n\n<p>Fonte: Bahia Not\u00edcias<\/p>\n","protected":false},"excerpt":{"rendered":"<p>A apresentadora Eliana pode estar de casa nova em menos de 24 horas ap\u00f3s anunciar o fim do contrato de 15 anos com o SBT. De acordo com o colunista Leo Dias, a loira estaria na mira da Globo atrav\u00e9s do canal por assinatura GNT para assumir o Saia Justa.\u00a0 Segundo o jornalista, a ida [&hellip;]<\/p>\n","protected":false},"author":2,"featured_media":9178,"comment_status":"open","ping_status":"open","sticky":false,"template":"","format":"standard","meta":{"footnotes":""},"categories":[85],"tags":[],"class_list":["post-9177","post","type-post","status-publish","format-standard","has-post-thumbnail","hentry","category-noticias"],"_links":{"self":[{"href":"https:\/\/salvadoracontece.com.br\/index.php\/wp-json\/wp\/v2\/posts\/9177","targetHints":{"allow":["GET"]}}],"collection":[{"href":"https:\/\/salvadoracontece.com.br\/index.php\/wp-json\/wp\/v2\/posts"}],"about":[{"href":"https:\/\/salvadoracontece.com.br\/index.php\/wp-json\/wp\/v2\/types\/post"}],"author":[{"embeddable":true,"href":"https:\/\/salvadoracontece.com.br\/index.php\/wp-json\/wp\/v2\/users\/2"}],"replies":[{"embeddable":true,"href":"https:\/\/salvadoracontece.com.br\/index.php\/wp-json\/wp\/v2\/comments?post=9177"}],"version-history":[{"count":1,"href":"https:\/\/salvadoracontece.com.br\/index.php\/wp-json\/wp\/v2\/posts\/9177\/revisions"}],"predecessor-version":[{"id":9179,"href":"https:\/\/salvadoracontece.com.br\/index.php\/wp-json\/wp\/v2\/posts\/9177\/revisions\/9179"}],"wp:featuredmedia":[{"embeddable":true,"href":"https:\/\/salvadoracontece.com.br\/index.php\/wp-json\/wp\/v2\/media\/9178"}],"wp:attachment":[{"href":"https:\/\/salvadoracontece.com.br\/index.php\/wp-json\/wp\/v2\/media?parent=9177"}],"wp:term":[{"taxonomy":"category","embeddable":true,"href":"https:\/\/salvadoracontece.com.br\/index.php\/wp-json\/wp\/v2\/categories?post=9177"},{"taxonomy":"post_tag","embeddable":true,"href":"https:\/\/salvadoracontece.com.br\/index.php\/wp-json\/wp\/v2\/tags?post=9177"}],"curies":[{"name":"wp","href":"https:\/\/api.w.org\/{rel}","templated":true}]}}