{"id":9192,"date":"2024-04-03T10:38:21","date_gmt":"2024-04-03T13:38:21","guid":{"rendered":"https:\/\/salvadoracontece.com.br\/?p=9192"},"modified":"2024-04-03T10:38:22","modified_gmt":"2024-04-03T13:38:22","slug":"filho-de-lula-e-acusado-de-agressoes-fisicas-contra-esposa","status":"publish","type":"post","link":"https:\/\/salvadoracontece.com.br\/index.php\/2024\/04\/03\/filho-de-lula-e-acusado-de-agressoes-fisicas-contra-esposa\/","title":{"rendered":"Filho de Lula \u00e9 acusado de agress\u00f5es f\u00edsicas contra esposa"},"content":{"rendered":"\n<p>Na tarde da \u00faltima ter\u00e7a-feira (02), o Filho do presidente Lula foi acusado de agress\u00e3o f\u00edsica e psicol\u00f3gica pela sua esposa, Nat\u00e1lia Maria Schincariol, na qual mantinham uma rela\u00e7\u00e3o de dois anos.<\/p>\n\n\n\n<p>A v\u00edtima que \u00e9 uma m\u00e9dica de 29 anos registrou o boletim ocorr\u00eancia de forma remota na Delegacia da Mulher em S\u00e3o Paulo, nos autos do processo Nat\u00e1lia relata que &#8220;As agress\u00f5es s\u00e3o de natureza f\u00edsica (oportunidade em que me deu uma cotovelada na barriga em uma das brigas no final de janeiro deste ano), verbal, psicol\u00f3gica e moral, e t\u00eam se intensificado ao longo do tempo, colocando em risco a minha integridade f\u00edsica e mental&#8221;<\/p>\n\n\n\n<p>Atrav\u00e9s de nota, a defesa de Lu\u00eds Cl\u00e1udio nega todas as acusa\u00e7\u00f5es levantadas por Nat\u00e1lia e que &#8220;as mentiras s\u00e3o enquadr\u00e1veis nos tipos dos delitos de cal\u00fania, inj\u00faria e difama\u00e7\u00e3o, al\u00e9m de responder por repara\u00e7\u00e3o por danos morais&#8221;<\/p>\n\n\n\n<p>Segundo a assessoria jur\u00eddica da m\u00e9dica &#8220;Medidas protetivas foram deferidas em favor de Nat\u00e1lia, visando assegurar sua integridade e seguran\u00e7a f\u00edsica e psicol\u00f3gica&#8221;<\/p>\n\n\n\n<p>Fonte: Varela Net<\/p>\n","protected":false},"excerpt":{"rendered":"<p>Na tarde da \u00faltima ter\u00e7a-feira (02), o Filho do presidente Lula foi acusado de agress\u00e3o f\u00edsica e psicol\u00f3gica pela sua esposa, Nat\u00e1lia Maria Schincariol, na qual mantinham uma rela\u00e7\u00e3o de dois anos. A v\u00edtima que \u00e9 uma m\u00e9dica de 29 anos registrou o boletim ocorr\u00eancia de forma remota na Delegacia da Mulher em S\u00e3o Paulo, [&hellip;]<\/p>\n","protected":false},"author":2,"featured_media":9193,"comment_status":"open","ping_status":"open","sticky":false,"template":"","format":"standard","meta":{"footnotes":""},"categories":[91],"tags":[],"class_list":["post-9192","post","type-post","status-publish","format-standard","has-post-thumbnail","hentry","category-politica"],"_links":{"self":[{"href":"https:\/\/salvadoracontece.com.br\/index.php\/wp-json\/wp\/v2\/posts\/9192","targetHints":{"allow":["GET"]}}],"collection":[{"href":"https:\/\/salvadoracontece.com.br\/index.php\/wp-json\/wp\/v2\/posts"}],"about":[{"href":"https:\/\/salvadoracontece.com.br\/index.php\/wp-json\/wp\/v2\/types\/post"}],"author":[{"embeddable":true,"href":"https:\/\/salvadoracontece.com.br\/index.php\/wp-json\/wp\/v2\/users\/2"}],"replies":[{"embeddable":true,"href":"https:\/\/salvadoracontece.com.br\/index.php\/wp-json\/wp\/v2\/comments?post=9192"}],"version-history":[{"count":1,"href":"https:\/\/salvadoracontece.com.br\/index.php\/wp-json\/wp\/v2\/posts\/9192\/revisions"}],"predecessor-version":[{"id":9194,"href":"https:\/\/salvadoracontece.com.br\/index.php\/wp-json\/wp\/v2\/posts\/9192\/revisions\/9194"}],"wp:featuredmedia":[{"embeddable":true,"href":"https:\/\/salvadoracontece.com.br\/index.php\/wp-json\/wp\/v2\/media\/9193"}],"wp:attachment":[{"href":"https:\/\/salvadoracontece.com.br\/index.php\/wp-json\/wp\/v2\/media?parent=9192"}],"wp:term":[{"taxonomy":"category","embeddable":true,"href":"https:\/\/salvadoracontece.com.br\/index.php\/wp-json\/wp\/v2\/categories?post=9192"},{"taxonomy":"post_tag","embeddable":true,"href":"https:\/\/salvadoracontece.com.br\/index.php\/wp-json\/wp\/v2\/tags?post=9192"}],"curies":[{"name":"wp","href":"https:\/\/api.w.org\/{rel}","templated":true}]}}