{"id":9196,"date":"2024-04-03T15:40:58","date_gmt":"2024-04-03T18:40:58","guid":{"rendered":"https:\/\/salvadoracontece.com.br\/?p=9196"},"modified":"2024-04-03T15:41:00","modified_gmt":"2024-04-03T18:41:00","slug":"ele-estava-todo-equipado-diz-neta-de-mergulhador-da-barra","status":"publish","type":"post","link":"https:\/\/salvadoracontece.com.br\/index.php\/2024\/04\/03\/ele-estava-todo-equipado-diz-neta-de-mergulhador-da-barra\/","title":{"rendered":"&#8220;Ele estava todo equipado&#8221;, diz neta de mergulhador da Barra"},"content":{"rendered":"\n<p>Nicole Brand\u00e3o, neta do\u00a0mergulhador Erivan Jos\u00e9 Pedroso Brand\u00e3o Filho, de 61 anos, afirmou que o av\u00f4 estava com todos os equipamentos quando saiu para mergulhar e poderia ter sido salvo pelo susposto condutor da lancha.<\/p>\n\n\n\n<p>&#8220;Ele estava todo equipado com boias, estava com tudo certinho quando se mergulha e meu av\u00f4 apareceu boiando no Farol. Foi a h\u00e9lice da embarca\u00e7\u00e3o que feriu na parte cabe\u00e7a. No IML, falaram que foi um ferimento na cervical, mas quando saiu do mar, ele estava espumando, ent\u00e3o provavelmente ele se afogou. Se ele [suspeito do crime] desse socorro, eu acho que poderia salvar meu av\u00f4, mas deve ter ficado com medo de assumir o crime, porque \u00e9 um crime e ele vai pagar. A gente pede justi\u00e7a, quero saber o que aconteceu com ele&#8221;, relata Nicole em entrevista exclusiva.<\/p>\n\n\n\n<p>O ex-salva-vidas da Salvamar foi\u00a0encontrado morto\u00a0na ter\u00e7a-feira, 2, na Praia da Barra ap\u00f3s supostamente ser atingido por uma lancha. O condutor do ve\u00edculo n\u00e3o foi identificado.<\/p>\n\n\n\n<p>Segundo Nicole, a fam\u00edlia n\u00e3o esperava que a morte de Erivan seria no mar, o lugar que ele mais gostava.&nbsp;<\/p>\n\n\n\n<p>&#8220;A gente nunca imaginava que ele ia morrer no mar. O que ele mais gostava de fazer era entrar no mar. \u00c9 uma dor que a gente n\u00e3o sabe nem explicar. Todo mundo \u00e9 do mar. Meu pai que est\u00e1 na Espanha, \u00e9 surfista, mergulhador, meu tio tamb\u00e9m. O outro sobrinho, netos, todo mundo \u00e9 do mar, todo mundo faz parte disso aqui, \u00e9 o amor da vida de todo mundo da fam\u00edlia.<\/p>\n\n\n\n<p>Nicole contou que o av\u00f4 mergulhava h\u00e1 cerca de 40 anos e era conhecido pela regi\u00e3o da Barra. No dia do ocorrido, a fam\u00edlia estava na espera de Erivan voltar para casa para almo\u00e7ar, como de costume. <\/p>\n\n\n\n<p>&#8220;Meu av\u00f4 me deixou, deixou a neta dele aqui, porque meu pai mora na Espanha, \u00fanico filho, eu sou a \u00fanica neta que est\u00e1 aqui. Todo mundo ali na Barra conhece ele, era muito alegre e vai deixar muita saudade. A gente quer saber quem foi que fez isso com ele, a gente n\u00e3o sabe, a gente vai correr atr\u00e1s sim, tudo que for at\u00e9 descobrir quem estava conduzindo, o que foi que aconteceu [&#8230;] A gente s\u00f3 tava esperando ele voltar pra casa que era o hor\u00e1rio dele de meio dia para almo\u00e7ar&#8221;, destaca a jovem.<\/p>\n\n\n\n<p>Erivan Jos\u00e9 Pedroso Brand\u00e3o Filho faria anivers\u00e1rio no dia 5 de maio.<\/p>\n\n\n\n<p>Fonte: A Tarde<\/p>\n","protected":false},"excerpt":{"rendered":"<p>Nicole Brand\u00e3o, neta do\u00a0mergulhador Erivan Jos\u00e9 Pedroso Brand\u00e3o Filho, de 61 anos, afirmou que o av\u00f4 estava com todos os equipamentos quando saiu para mergulhar e poderia ter sido salvo pelo susposto condutor da lancha. &#8220;Ele estava todo equipado com boias, estava com tudo certinho quando se mergulha e meu av\u00f4 apareceu boiando no Farol. [&hellip;]<\/p>\n","protected":false},"author":2,"featured_media":9197,"comment_status":"open","ping_status":"open","sticky":false,"template":"","format":"standard","meta":{"footnotes":""},"categories":[85],"tags":[],"class_list":["post-9196","post","type-post","status-publish","format-standard","has-post-thumbnail","hentry","category-noticias"],"_links":{"self":[{"href":"https:\/\/salvadoracontece.com.br\/index.php\/wp-json\/wp\/v2\/posts\/9196","targetHints":{"allow":["GET"]}}],"collection":[{"href":"https:\/\/salvadoracontece.com.br\/index.php\/wp-json\/wp\/v2\/posts"}],"about":[{"href":"https:\/\/salvadoracontece.com.br\/index.php\/wp-json\/wp\/v2\/types\/post"}],"author":[{"embeddable":true,"href":"https:\/\/salvadoracontece.com.br\/index.php\/wp-json\/wp\/v2\/users\/2"}],"replies":[{"embeddable":true,"href":"https:\/\/salvadoracontece.com.br\/index.php\/wp-json\/wp\/v2\/comments?post=9196"}],"version-history":[{"count":1,"href":"https:\/\/salvadoracontece.com.br\/index.php\/wp-json\/wp\/v2\/posts\/9196\/revisions"}],"predecessor-version":[{"id":9198,"href":"https:\/\/salvadoracontece.com.br\/index.php\/wp-json\/wp\/v2\/posts\/9196\/revisions\/9198"}],"wp:featuredmedia":[{"embeddable":true,"href":"https:\/\/salvadoracontece.com.br\/index.php\/wp-json\/wp\/v2\/media\/9197"}],"wp:attachment":[{"href":"https:\/\/salvadoracontece.com.br\/index.php\/wp-json\/wp\/v2\/media?parent=9196"}],"wp:term":[{"taxonomy":"category","embeddable":true,"href":"https:\/\/salvadoracontece.com.br\/index.php\/wp-json\/wp\/v2\/categories?post=9196"},{"taxonomy":"post_tag","embeddable":true,"href":"https:\/\/salvadoracontece.com.br\/index.php\/wp-json\/wp\/v2\/tags?post=9196"}],"curies":[{"name":"wp","href":"https:\/\/api.w.org\/{rel}","templated":true}]}}