{"id":9199,"date":"2024-04-03T15:47:56","date_gmt":"2024-04-03T18:47:56","guid":{"rendered":"https:\/\/salvadoracontece.com.br\/?p=9199"},"modified":"2024-04-03T15:47:57","modified_gmt":"2024-04-03T18:47:57","slug":"goleiro-que-brigou-com-torcedores-racistas-e-suspenso-na-espanha","status":"publish","type":"post","link":"https:\/\/salvadoracontece.com.br\/index.php\/2024\/04\/03\/goleiro-que-brigou-com-torcedores-racistas-e-suspenso-na-espanha\/","title":{"rendered":"Goleiro que brigou com torcedores racistas \u00e9 suspenso na Espanha"},"content":{"rendered":"\n<p>O goleiro senegal\u00eas Cheikh Sarr, do Rayo Majadahonda, da terceira divis\u00e3o do futebol espanhol, foi punido nesta quarta-feira, 3, com dois jogos de suspens\u00e3o, ap\u00f3s ter sido expulso por pular na arquibancada para confrontar um torcedor que proferiu insultos racistas.<\/p>\n\n\n\n<p>Sarr recebeu cart\u00e3o vermelho na partida contra o Sestao River, que foi suspensa aos 42 minutos do segundo tempo ap\u00f3s o incidente e a decis\u00e3o do Rayo Majadahonda de deixar o campo em protesto.<\/p>\n\n\n\n<p>O Juiz \u00danico de Competi\u00e7\u00e3o da Federa\u00e7\u00e3o Espanhola de Futebol admitiu em sua resolu\u00e7\u00e3o publicada nesta quarta-feira que Sarr foi &#8220;ofendido gravemente&#8221;, mas considerou que o goleiro deveria ter usado os canais de den\u00fancia para alertar sobre os insultos.<\/p>\n\n\n\n<p>&#8220;Damos credibilidade ao fato de que os insultos racistas come\u00e7aram no minuto 50 do jogo e, portanto, deveriam ter sido levados ao conhecimento do \u00e1rbitro&#8221; para que fosse iniciado o protocolo contra o racismo, considerou o Juiz \u00danico.<\/p>\n\n\n\n<p>&#8220;A defesa de seus interesses deve ser realizada pelo jogador ofendido atrav\u00e9s dos canais legais j\u00e1 descritos. Logo, sua atua\u00e7\u00e3o, pulando na arquibancada e agindo com certa viol\u00eancia &#8211; embora n\u00e3o conste que tenha chegado ao insulto ou \u00e0 agress\u00e3o &#8211; \u00e9 plenamente reprov\u00e1vel&#8221;, acrescenta a resolu\u00e7\u00e3o.<\/p>\n\n\n\n<p>&#8220;A atua\u00e7\u00e3o revoltada continuou quando o \u00e1rbitro lhe mostrou o cart\u00e3o vermelho de expuls\u00e3o, o que nos obriga a consider\u00e1-lo como autor de infra\u00e7\u00e3o leve de conduta contr\u00e1ria \u00e0 ordem esportiva&#8221;, explica o Juiz.<\/p>\n\n\n\n<p>A resolu\u00e7\u00e3o tamb\u00e9m imp\u00f5e uma puni\u00e7\u00e3o ao Sestao River, que ter\u00e1 que jogar seus pr\u00f3ximos dois jogos em seu est\u00e1dio, onde aconteceu o incidente, com port\u00f5es fechados.<\/p>\n\n\n\n<p>Al\u00e9m disso, o Juiz decidiu que o resultado da partida \u00e9 a derrota por 3 a 0 do Rayo Majadahonda, que tamb\u00e9m teve tr\u00eas pontos retirados da tabela.<\/p>\n\n\n\n<p>Sarr afirmou em entrevista coletiva na ter\u00e7a-feira que o que sofreu &#8220;foi algo horr\u00edvel, algo que n\u00e3o poderia aguentar, uma tristeza, algo muito feio&#8221;, mas admitiu que n\u00e3o reagir\u00e1 da mesma forma caso passe novamente pela mesma situa\u00e7\u00e3o: &#8220;Vou saber como me comportar&#8221;.<\/p>\n\n\n\n<p>Fonte: A Tarde<\/p>\n","protected":false},"excerpt":{"rendered":"<p>O goleiro senegal\u00eas Cheikh Sarr, do Rayo Majadahonda, da terceira divis\u00e3o do futebol espanhol, foi punido nesta quarta-feira, 3, com dois jogos de suspens\u00e3o, ap\u00f3s ter sido expulso por pular na arquibancada para confrontar um torcedor que proferiu insultos racistas. Sarr recebeu cart\u00e3o vermelho na partida contra o Sestao River, que foi suspensa aos 42 [&hellip;]<\/p>\n","protected":false},"author":2,"featured_media":9200,"comment_status":"open","ping_status":"open","sticky":false,"template":"","format":"standard","meta":{"footnotes":""},"categories":[89],"tags":[],"class_list":["post-9199","post","type-post","status-publish","format-standard","has-post-thumbnail","hentry","category-esportes"],"_links":{"self":[{"href":"https:\/\/salvadoracontece.com.br\/index.php\/wp-json\/wp\/v2\/posts\/9199","targetHints":{"allow":["GET"]}}],"collection":[{"href":"https:\/\/salvadoracontece.com.br\/index.php\/wp-json\/wp\/v2\/posts"}],"about":[{"href":"https:\/\/salvadoracontece.com.br\/index.php\/wp-json\/wp\/v2\/types\/post"}],"author":[{"embeddable":true,"href":"https:\/\/salvadoracontece.com.br\/index.php\/wp-json\/wp\/v2\/users\/2"}],"replies":[{"embeddable":true,"href":"https:\/\/salvadoracontece.com.br\/index.php\/wp-json\/wp\/v2\/comments?post=9199"}],"version-history":[{"count":1,"href":"https:\/\/salvadoracontece.com.br\/index.php\/wp-json\/wp\/v2\/posts\/9199\/revisions"}],"predecessor-version":[{"id":9201,"href":"https:\/\/salvadoracontece.com.br\/index.php\/wp-json\/wp\/v2\/posts\/9199\/revisions\/9201"}],"wp:featuredmedia":[{"embeddable":true,"href":"https:\/\/salvadoracontece.com.br\/index.php\/wp-json\/wp\/v2\/media\/9200"}],"wp:attachment":[{"href":"https:\/\/salvadoracontece.com.br\/index.php\/wp-json\/wp\/v2\/media?parent=9199"}],"wp:term":[{"taxonomy":"category","embeddable":true,"href":"https:\/\/salvadoracontece.com.br\/index.php\/wp-json\/wp\/v2\/categories?post=9199"},{"taxonomy":"post_tag","embeddable":true,"href":"https:\/\/salvadoracontece.com.br\/index.php\/wp-json\/wp\/v2\/tags?post=9199"}],"curies":[{"name":"wp","href":"https:\/\/api.w.org\/{rel}","templated":true}]}}